{"id":59,"date":"2026-03-23T16:35:04","date_gmt":"2026-03-23T19:35:04","guid":{"rendered":"https:\/\/misionesfutbol.uno\/index.php\/2026\/03\/23\/bernardo-de-irigoyen-se-disputaron-las-finales-de-la-liga-de-colonia-en-campinas-con-gran-convocatoria\/"},"modified":"2026-03-23T16:35:04","modified_gmt":"2026-03-23T19:35:04","slug":"bernardo-de-irigoyen-se-disputaron-las-finales-de-la-liga-de-colonia-en-campinas-con-gran-convocatoria","status":"publish","type":"post","link":"https:\/\/misionesfutbol.uno\/index.php\/2026\/03\/23\/bernardo-de-irigoyen-se-disputaron-las-finales-de-la-liga-de-colonia-en-campinas-con-gran-convocatoria\/","title":{"rendered":"Bernardo de Irigoyen: se disputaron las finales de la Liga de Colonia en Campi\u00f1as con gran convocatoria"},"content":{"rendered":"<div>\n<div>\n<div class=\"flex flex-col text-sm pb-25\">\n<section class=\"text-token-text-primary w-full focus:outline-none [--shadow-height:45px] has-data-writing-block:pointer-events-none has-data-writing-block:-mt-(--shadow-height) has-data-writing-block:pt-(--shadow-height) [&amp;:has([data-writing-block])&gt;*]:pointer-events-auto scroll-mt-[calc(var(--header-height)+min(200px,max(70px,20svh)))]\" dir=\"auto\" data-turn-id=\"request-WEB:dc904d15-e0ea-4b00-b0ac-04f4f84f5878-20\" data-testid=\"conversation-turn-40\" data-scroll-anchor=\"true\" data-turn=\"assistant\">\n<div class=\"text-base my-auto mx-auto pb-10 [--thread-content-margin:var(--thread-content-margin-xs,calc(var(--spacing)*4))] @w-sm\/main:[--thread-content-margin:var(--thread-content-margin-sm,calc(var(--spacing)*6))] @w-lg\/main:[--thread-content-margin:var(--thread-content-margin-lg,calc(var(--spacing)*16))] px-(--thread-content-margin)\">\n<div class=\"[--thread-content-max-width:40rem] @w-lg\/main:[--thread-content-max-width:48rem] mx-auto max-w-(--thread-content-max-width) flex-1 group\/turn-messages focus-visible:outline-hidden relative flex w-full min-w-0 flex-col agent-turn\">\n<div class=\"flex max-w-full flex-col gap-4 grow\">\n<div class=\"min-h-8 text-message relative flex w-full flex-col items-end gap-2 text-start break-words whitespace-normal outline-none keyboard-focused:focus-ring [.text-message+&amp;]:mt-1\" dir=\"auto\" tabindex=\"0\" data-message-author-role=\"assistant\" data-message-id=\"c0cb23ff-2ac8-40e0-b4c3-d56a63552444\" data-message-model-slug=\"gpt-5-3\" data-turn-start-message=\"true\">\n<div class=\"flex w-full flex-col gap-1 empty:hidden\">\n<div class=\"markdown prose dark:prose-invert w-full wrap-break-word dark markdown-new-styling\">\n<p data-start=\"109\" data-end=\"319\"><strong data-start=\"109\" data-end=\"319\">AGENCIA MISIONES.UNO | Este domingo se jugaron las finales de la Liga de Colonia en la zona de Campi\u00f1as, en una jornada que, pese a las condiciones clim\u00e1ticas, cont\u00f3 con una importante presencia de p\u00fablico.<\/strong><\/p>\n<hr>\n<p data-start=\"321\" data-end=\"695\">En primer turno se desarroll\u00f3 la final femenina, donde el tercer puesto fue para el equipo de Pozo Azul, mientras que 3 Vecinos se qued\u00f3 con el segundo lugar. El campeonato fue obtenido por 2 Hermanas. En cuanto a las distinciones individuales, la valla menos vencida fue para Patricia, de Pozo Azul, y la goleadora del certamen fue Pamela, tambi\u00e9n integrante de ese equipo.<\/p>\n<p data-start=\"697\" data-end=\"1045\">Posteriormente se disputaron las finales masculinas. Aston Birra finaliz\u00f3 en el tercer puesto, Laguna Azul se ubic\u00f3 en la segunda posici\u00f3n y el t\u00edtulo qued\u00f3 en manos de Pi\u00f1alito Sur. En este caso, el reconocimiento a la valla menos vencida fue para Ector Graftt, de Laguna Azul, mientras que el goleador fue Gularte, jugador de Os Guri da Frontera.<\/p>\n<p data-start=\"1047\" data-end=\"1227\" data-is-last-node=\"\" data-is-only-node=\"\">La jornada se desarroll\u00f3 en un clima de acompa\u00f1amiento por parte de los vecinos, quienes permanecieron hasta el cierre de las competencias, respaldando a los equipos participantes.<\/p>\n<p data-start=\"1047\" data-end=\"1227\" data-is-last-node=\"\" data-is-only-node=\"\">\n<\/div>\n<\/div>\n<\/div>\n<\/div>\n<div class=\"z-0 flex min-h-[46px] justify-start\"><img decoding=\"async\" class=\"aligncenter size-full wp-image-4859\" src=\"https:\/\/misionesfutbol.uno\/wp-content\/uploads\/2026\/03\/ZBERN.jpg\" sizes=\"(max-width: 640px) 100vw, 640px\" srcset=\"https:\/\/agenciamisiones.uno\/wp-content\/uploads\/2026\/03\/ZBERN-200x267.jpg 200w, https:\/\/agenciamisiones.uno\/wp-content\/uploads\/2026\/03\/ZBERN-225x300.jpg 225w, https:\/\/agenciamisiones.uno\/wp-content\/uploads\/2026\/03\/ZBERN-400x533.jpg 400w, https:\/\/agenciamisiones.uno\/wp-content\/uploads\/2026\/03\/ZBERN-600x800.jpg 600w, https:\/\/misionesfutbol.uno\/wp-content\/uploads\/2026\/03\/ZBERN.jpg 640w\" alt=\"\" width=\"640\" height=\"853\"><\/div>\n<div class=\"mt-3 w-full empty:hidden\">\n<div class=\"text-center\"><\/div>\n<\/div>\n<\/div>\n<\/div>\n<\/section>\n<\/div>\n<div class=\"pointer-events-none h-px w-px absolute bottom-0\" aria-hidden=\"true\" data-edge=\"true\"><\/div>\n<p>Fuente: <a href=\"https:\/\/agenciamisiones.uno\/\">Agencia Misiones.uno<\/a>.<\/p>\n<\/div>\n<\/div>\n","protected":false},"excerpt":{"rendered":"<p>AGENCIA MISIONES.UNO | Este domingo se jugaron las finales de  [&#8230;]<\/p>\n","protected":false},"author":1,"featured_media":60,"comment_status":"closed","ping_status":"closed","sticky":false,"template":"","format":"standard","meta":{"fifu_image_url":"","fifu_image_alt":"","footnotes":""},"categories":[4,5,6,7,8,9],"tags":[],"class_list":["post-59","post","type-post","status-publish","format-standard","has-post-thumbnail","hentry","category-b-de-irigoyen","category-depormisiones-uno","category-deportes","category-futbol","category-gobiernos-municipales","category-informacion-general"],"acf":[],"yoast_head":"<!-- This site is optimized with the Yoast SEO plugin v27.2 - https:\/\/yoast.com\/product\/yoast-seo-wordpress\/ -->\n<title>Bernardo de Irigoyen: se disputaron las finales de la Liga de Colonia en Campi\u00f1as con gran convocatoria - Misiones F\u00fatbol .UNO - Red Misiones.uno<\/title>\n<meta name=\"robots\" content=\"index, follow, max-snippet:-1, max-image-preview:large, max-video-preview:-1\" \/>\n<link rel=\"canonical\" href=\"https:\/\/misionesfutbol.uno\/index.php\/2026\/03\/23\/bernardo-de-irigoyen-se-disputaron-las-finales-de-la-liga-de-colonia-en-campinas-con-gran-convocatoria\/\" \/>\n<meta property=\"og:locale\" content=\"es_ES\" \/>\n<meta property=\"og:type\" content=\"article\" \/>\n<meta property=\"og:title\" content=\"Bernardo de Irigoyen: se disputaron las finales de la Liga de Colonia en Campi\u00f1as con gran convocatoria - Misiones F\u00fatbol .UNO - Red Misiones.uno\" \/>\n<meta property=\"og:description\" content=\"AGENCIA MISIONES.UNO | Este domingo se jugaron las finales de [...]\" \/>\n<meta property=\"og:url\" content=\"https:\/\/misionesfutbol.uno\/index.php\/2026\/03\/23\/bernardo-de-irigoyen-se-disputaron-las-finales-de-la-liga-de-colonia-en-campinas-con-gran-convocatoria\/\" \/>\n<meta property=\"og:site_name\" content=\"Misiones F\u00fatbol .UNO - Red Misiones.uno\" \/>\n<meta property=\"article:published_time\" content=\"2026-03-23T19:35:04+00:00\" \/>\n<meta name=\"author\" content=\"admin\" \/>\n<meta name=\"twitter:card\" content=\"summary_large_image\" \/>\n<meta name=\"twitter:label1\" content=\"Escrito por\" \/>\n\t<meta name=\"twitter:data1\" content=\"admin\" \/>\n\t<meta name=\"twitter:label2\" content=\"Tiempo de lectura\" \/>\n\t<meta name=\"twitter:data2\" content=\"1 minuto\" \/>\n<script type=\"application\/ld+json\" class=\"yoast-schema-graph\">{\"@context\":\"https:\/\/schema.org\",\"@graph\":[{\"@type\":\"Article\",\"@id\":\"https:\/\/misionesfutbol.uno\/index.php\/2026\/03\/23\/bernardo-de-irigoyen-se-disputaron-las-finales-de-la-liga-de-colonia-en-campinas-con-gran-convocatoria\/#article\",\"isPartOf\":{\"@id\":\"https:\/\/misionesfutbol.uno\/index.php\/2026\/03\/23\/bernardo-de-irigoyen-se-disputaron-las-finales-de-la-liga-de-colonia-en-campinas-con-gran-convocatoria\/\"},\"author\":{\"name\":\"admin\",\"@id\":\"https:\/\/misionesfutbol.uno\/#\/schema\/person\/0eaf77236e3cc12a5c97a42d1ebe87d4\"},\"headline\":\"Bernardo de Irigoyen: se disputaron las finales de la Liga de Colonia en Campi\u00f1as con gran convocatoria\",\"datePublished\":\"2026-03-23T19:35:04+00:00\",\"mainEntityOfPage\":{\"@id\":\"https:\/\/misionesfutbol.uno\/index.php\/2026\/03\/23\/bernardo-de-irigoyen-se-disputaron-las-finales-de-la-liga-de-colonia-en-campinas-con-gran-convocatoria\/\"},\"wordCount\":213,\"image\":{\"@id\":\"https:\/\/misionesfutbol.uno\/index.php\/2026\/03\/23\/bernardo-de-irigoyen-se-disputaron-las-finales-de-la-liga-de-colonia-en-campinas-con-gran-convocatoria\/#primaryimage\"},\"thumbnailUrl\":\"https:\/\/misionesfutbol.uno\/wp-content\/uploads\/2026\/03\/MASTER-FOTOS-BERNA.jpg\",\"articleSection\":[\"B. de Irigoyen\",\"DEPORMISIONES.UNO\",\"Deportes\",\"F\u00fatbol\",\"Gobiernos Municipales\",\"Informaci\u00f3n General\"],\"inLanguage\":\"es-AR\"},{\"@type\":\"WebPage\",\"@id\":\"https:\/\/misionesfutbol.uno\/index.php\/2026\/03\/23\/bernardo-de-irigoyen-se-disputaron-las-finales-de-la-liga-de-colonia-en-campinas-con-gran-convocatoria\/\",\"url\":\"https:\/\/misionesfutbol.uno\/index.php\/2026\/03\/23\/bernardo-de-irigoyen-se-disputaron-las-finales-de-la-liga-de-colonia-en-campinas-con-gran-convocatoria\/\",\"name\":\"Bernardo de Irigoyen: se disputaron las finales de la Liga de Colonia en Campi\u00f1as con gran convocatoria - Misiones F\u00fatbol .UNO - Red Misiones.uno\",\"isPartOf\":{\"@id\":\"https:\/\/misionesfutbol.uno\/#website\"},\"primaryImageOfPage\":{\"@id\":\"https:\/\/misionesfutbol.uno\/index.php\/2026\/03\/23\/bernardo-de-irigoyen-se-disputaron-las-finales-de-la-liga-de-colonia-en-campinas-con-gran-convocatoria\/#primaryimage\"},\"image\":{\"@id\":\"https:\/\/misionesfutbol.uno\/index.php\/2026\/03\/23\/bernardo-de-irigoyen-se-disputaron-las-finales-de-la-liga-de-colonia-en-campinas-con-gran-convocatoria\/#primaryimage\"},\"thumbnailUrl\":\"https:\/\/misionesfutbol.uno\/wp-content\/uploads\/2026\/03\/MASTER-FOTOS-BERNA.jpg\",\"datePublished\":\"2026-03-23T19:35:04+00:00\",\"author\":{\"@id\":\"https:\/\/misionesfutbol.uno\/#\/schema\/person\/0eaf77236e3cc12a5c97a42d1ebe87d4\"},\"breadcrumb\":{\"@id\":\"https:\/\/misionesfutbol.uno\/index.php\/2026\/03\/23\/bernardo-de-irigoyen-se-disputaron-las-finales-de-la-liga-de-colonia-en-campinas-con-gran-convocatoria\/#breadcrumb\"},\"inLanguage\":\"es-AR\",\"potentialAction\":[{\"@type\":\"ReadAction\",\"target\":[\"https:\/\/misionesfutbol.uno\/index.php\/2026\/03\/23\/bernardo-de-irigoyen-se-disputaron-las-finales-de-la-liga-de-colonia-en-campinas-con-gran-convocatoria\/\"]}]},{\"@type\":\"ImageObject\",\"inLanguage\":\"es-AR\",\"@id\":\"https:\/\/misionesfutbol.uno\/index.php\/2026\/03\/23\/bernardo-de-irigoyen-se-disputaron-las-finales-de-la-liga-de-colonia-en-campinas-con-gran-convocatoria\/#primaryimage\",\"url\":\"https:\/\/misionesfutbol.uno\/wp-content\/uploads\/2026\/03\/MASTER-FOTOS-BERNA.jpg\",\"contentUrl\":\"https:\/\/misionesfutbol.uno\/wp-content\/uploads\/2026\/03\/MASTER-FOTOS-BERNA.jpg\",\"width\":640,\"height\":853},{\"@type\":\"BreadcrumbList\",\"@id\":\"https:\/\/misionesfutbol.uno\/index.php\/2026\/03\/23\/bernardo-de-irigoyen-se-disputaron-las-finales-de-la-liga-de-colonia-en-campinas-con-gran-convocatoria\/#breadcrumb\",\"itemListElement\":[{\"@type\":\"ListItem\",\"position\":1,\"name\":\"Inicio\",\"item\":\"https:\/\/misionesfutbol.uno\/\"},{\"@type\":\"ListItem\",\"position\":2,\"name\":\"Bernardo de Irigoyen: se disputaron las finales de la Liga de Colonia en Campi\u00f1as con gran convocatoria\"}]},{\"@type\":\"WebSite\",\"@id\":\"https:\/\/misionesfutbol.uno\/#website\",\"url\":\"https:\/\/misionesfutbol.uno\/\",\"name\":\"Misiones F\u00fatbol .UNO - Red Misiones.uno\",\"description\":\"Noticias sobre F\u00fatbol en Misiones\",\"potentialAction\":[{\"@type\":\"SearchAction\",\"target\":{\"@type\":\"EntryPoint\",\"urlTemplate\":\"https:\/\/misionesfutbol.uno\/?s={search_term_string}\"},\"query-input\":{\"@type\":\"PropertyValueSpecification\",\"valueRequired\":true,\"valueName\":\"search_term_string\"}}],\"inLanguage\":\"es-AR\"},{\"@type\":\"Person\",\"@id\":\"https:\/\/misionesfutbol.uno\/#\/schema\/person\/0eaf77236e3cc12a5c97a42d1ebe87d4\",\"name\":\"admin\",\"image\":{\"@type\":\"ImageObject\",\"inLanguage\":\"es-AR\",\"@id\":\"https:\/\/secure.gravatar.com\/avatar\/988cc68d97727f2265e15e4e04f35d45d93f5493d81192c37b6fcdf6407dba8c?s=96&d=mm&r=g\",\"url\":\"https:\/\/secure.gravatar.com\/avatar\/988cc68d97727f2265e15e4e04f35d45d93f5493d81192c37b6fcdf6407dba8c?s=96&d=mm&r=g\",\"contentUrl\":\"https:\/\/secure.gravatar.com\/avatar\/988cc68d97727f2265e15e4e04f35d45d93f5493d81192c37b6fcdf6407dba8c?s=96&d=mm&r=g\",\"caption\":\"admin\"},\"sameAs\":[\"http:\/\/misionesfutbol.uno\"],\"url\":\"https:\/\/misionesfutbol.uno\/index.php\/author\/admin\/\"}]}<\/script>\n<!-- \/ Yoast SEO plugin. -->","yoast_head_json":{"title":"Bernardo de Irigoyen: se disputaron las finales de la Liga de Colonia en Campi\u00f1as con gran convocatoria - Misiones F\u00fatbol .UNO - Red Misiones.uno","robots":{"index":"index","follow":"follow","max-snippet":"max-snippet:-1","max-image-preview":"max-image-preview:large","max-video-preview":"max-video-preview:-1"},"canonical":"https:\/\/misionesfutbol.uno\/index.php\/2026\/03\/23\/bernardo-de-irigoyen-se-disputaron-las-finales-de-la-liga-de-colonia-en-campinas-con-gran-convocatoria\/","og_locale":"es_ES","og_type":"article","og_title":"Bernardo de Irigoyen: se disputaron las finales de la Liga de Colonia en Campi\u00f1as con gran convocatoria - Misiones F\u00fatbol .UNO - Red Misiones.uno","og_description":"AGENCIA MISIONES.UNO | Este domingo se jugaron las finales de [...]","og_url":"https:\/\/misionesfutbol.uno\/index.php\/2026\/03\/23\/bernardo-de-irigoyen-se-disputaron-las-finales-de-la-liga-de-colonia-en-campinas-con-gran-convocatoria\/","og_site_name":"Misiones F\u00fatbol .UNO - Red Misiones.uno","article_published_time":"2026-03-23T19:35:04+00:00","author":"admin","twitter_card":"summary_large_image","twitter_misc":{"Escrito por":"admin","Tiempo de lectura":"1 minuto"},"schema":{"@context":"https:\/\/schema.org","@graph":[{"@type":"Article","@id":"https:\/\/misionesfutbol.uno\/index.php\/2026\/03\/23\/bernardo-de-irigoyen-se-disputaron-las-finales-de-la-liga-de-colonia-en-campinas-con-gran-convocatoria\/#article","isPartOf":{"@id":"https:\/\/misionesfutbol.uno\/index.php\/2026\/03\/23\/bernardo-de-irigoyen-se-disputaron-las-finales-de-la-liga-de-colonia-en-campinas-con-gran-convocatoria\/"},"author":{"name":"admin","@id":"https:\/\/misionesfutbol.uno\/#\/schema\/person\/0eaf77236e3cc12a5c97a42d1ebe87d4"},"headline":"Bernardo de Irigoyen: se disputaron las finales de la Liga de Colonia en Campi\u00f1as con gran convocatoria","datePublished":"2026-03-23T19:35:04+00:00","mainEntityOfPage":{"@id":"https:\/\/misionesfutbol.uno\/index.php\/2026\/03\/23\/bernardo-de-irigoyen-se-disputaron-las-finales-de-la-liga-de-colonia-en-campinas-con-gran-convocatoria\/"},"wordCount":213,"image":{"@id":"https:\/\/misionesfutbol.uno\/index.php\/2026\/03\/23\/bernardo-de-irigoyen-se-disputaron-las-finales-de-la-liga-de-colonia-en-campinas-con-gran-convocatoria\/#primaryimage"},"thumbnailUrl":"https:\/\/misionesfutbol.uno\/wp-content\/uploads\/2026\/03\/MASTER-FOTOS-BERNA.jpg","articleSection":["B. de Irigoyen","DEPORMISIONES.UNO","Deportes","F\u00fatbol","Gobiernos Municipales","Informaci\u00f3n General"],"inLanguage":"es-AR"},{"@type":"WebPage","@id":"https:\/\/misionesfutbol.uno\/index.php\/2026\/03\/23\/bernardo-de-irigoyen-se-disputaron-las-finales-de-la-liga-de-colonia-en-campinas-con-gran-convocatoria\/","url":"https:\/\/misionesfutbol.uno\/index.php\/2026\/03\/23\/bernardo-de-irigoyen-se-disputaron-las-finales-de-la-liga-de-colonia-en-campinas-con-gran-convocatoria\/","name":"Bernardo de Irigoyen: se disputaron las finales de la Liga de Colonia en Campi\u00f1as con gran convocatoria - Misiones F\u00fatbol .UNO - Red Misiones.uno","isPartOf":{"@id":"https:\/\/misionesfutbol.uno\/#website"},"primaryImageOfPage":{"@id":"https:\/\/misionesfutbol.uno\/index.php\/2026\/03\/23\/bernardo-de-irigoyen-se-disputaron-las-finales-de-la-liga-de-colonia-en-campinas-con-gran-convocatoria\/#primaryimage"},"image":{"@id":"https:\/\/misionesfutbol.uno\/index.php\/2026\/03\/23\/bernardo-de-irigoyen-se-disputaron-las-finales-de-la-liga-de-colonia-en-campinas-con-gran-convocatoria\/#primaryimage"},"thumbnailUrl":"https:\/\/misionesfutbol.uno\/wp-content\/uploads\/2026\/03\/MASTER-FOTOS-BERNA.jpg","datePublished":"2026-03-23T19:35:04+00:00","author":{"@id":"https:\/\/misionesfutbol.uno\/#\/schema\/person\/0eaf77236e3cc12a5c97a42d1ebe87d4"},"breadcrumb":{"@id":"https:\/\/misionesfutbol.uno\/index.php\/2026\/03\/23\/bernardo-de-irigoyen-se-disputaron-las-finales-de-la-liga-de-colonia-en-campinas-con-gran-convocatoria\/#breadcrumb"},"inLanguage":"es-AR","potentialAction":[{"@type":"ReadAction","target":["https:\/\/misionesfutbol.uno\/index.php\/2026\/03\/23\/bernardo-de-irigoyen-se-disputaron-las-finales-de-la-liga-de-colonia-en-campinas-con-gran-convocatoria\/"]}]},{"@type":"ImageObject","inLanguage":"es-AR","@id":"https:\/\/misionesfutbol.uno\/index.php\/2026\/03\/23\/bernardo-de-irigoyen-se-disputaron-las-finales-de-la-liga-de-colonia-en-campinas-con-gran-convocatoria\/#primaryimage","url":"https:\/\/misionesfutbol.uno\/wp-content\/uploads\/2026\/03\/MASTER-FOTOS-BERNA.jpg","contentUrl":"https:\/\/misionesfutbol.uno\/wp-content\/uploads\/2026\/03\/MASTER-FOTOS-BERNA.jpg","width":640,"height":853},{"@type":"BreadcrumbList","@id":"https:\/\/misionesfutbol.uno\/index.php\/2026\/03\/23\/bernardo-de-irigoyen-se-disputaron-las-finales-de-la-liga-de-colonia-en-campinas-con-gran-convocatoria\/#breadcrumb","itemListElement":[{"@type":"ListItem","position":1,"name":"Inicio","item":"https:\/\/misionesfutbol.uno\/"},{"@type":"ListItem","position":2,"name":"Bernardo de Irigoyen: se disputaron las finales de la Liga de Colonia en Campi\u00f1as con gran convocatoria"}]},{"@type":"WebSite","@id":"https:\/\/misionesfutbol.uno\/#website","url":"https:\/\/misionesfutbol.uno\/","name":"Misiones F\u00fatbol .UNO - Red Misiones.uno","description":"Noticias sobre F\u00fatbol en Misiones","potentialAction":[{"@type":"SearchAction","target":{"@type":"EntryPoint","urlTemplate":"https:\/\/misionesfutbol.uno\/?s={search_term_string}"},"query-input":{"@type":"PropertyValueSpecification","valueRequired":true,"valueName":"search_term_string"}}],"inLanguage":"es-AR"},{"@type":"Person","@id":"https:\/\/misionesfutbol.uno\/#\/schema\/person\/0eaf77236e3cc12a5c97a42d1ebe87d4","name":"admin","image":{"@type":"ImageObject","inLanguage":"es-AR","@id":"https:\/\/secure.gravatar.com\/avatar\/988cc68d97727f2265e15e4e04f35d45d93f5493d81192c37b6fcdf6407dba8c?s=96&d=mm&r=g","url":"https:\/\/secure.gravatar.com\/avatar\/988cc68d97727f2265e15e4e04f35d45d93f5493d81192c37b6fcdf6407dba8c?s=96&d=mm&r=g","contentUrl":"https:\/\/secure.gravatar.com\/avatar\/988cc68d97727f2265e15e4e04f35d45d93f5493d81192c37b6fcdf6407dba8c?s=96&d=mm&r=g","caption":"admin"},"sameAs":["http:\/\/misionesfutbol.uno"],"url":"https:\/\/misionesfutbol.uno\/index.php\/author\/admin\/"}]}},"_links":{"self":[{"href":"https:\/\/misionesfutbol.uno\/index.php\/wp-json\/wp\/v2\/posts\/59","targetHints":{"allow":["GET"]}}],"collection":[{"href":"https:\/\/misionesfutbol.uno\/index.php\/wp-json\/wp\/v2\/posts"}],"about":[{"href":"https:\/\/misionesfutbol.uno\/index.php\/wp-json\/wp\/v2\/types\/post"}],"author":[{"embeddable":true,"href":"https:\/\/misionesfutbol.uno\/index.php\/wp-json\/wp\/v2\/users\/1"}],"replies":[{"embeddable":true,"href":"https:\/\/misionesfutbol.uno\/index.php\/wp-json\/wp\/v2\/comments?post=59"}],"version-history":[{"count":0,"href":"https:\/\/misionesfutbol.uno\/index.php\/wp-json\/wp\/v2\/posts\/59\/revisions"}],"wp:featuredmedia":[{"embeddable":true,"href":"https:\/\/misionesfutbol.uno\/index.php\/wp-json\/wp\/v2\/media\/60"}],"wp:attachment":[{"href":"https:\/\/misionesfutbol.uno\/index.php\/wp-json\/wp\/v2\/media?parent=59"}],"wp:term":[{"taxonomy":"category","embeddable":true,"href":"https:\/\/misionesfutbol.uno\/index.php\/wp-json\/wp\/v2\/categories?post=59"},{"taxonomy":"post_tag","embeddable":true,"href":"https:\/\/misionesfutbol.uno\/index.php\/wp-json\/wp\/v2\/tags?post=59"}],"curies":[{"name":"wp","href":"https:\/\/api.w.org\/{rel}","templated":true}]}}