{"id":62,"date":"2026-03-27T15:12:28","date_gmt":"2026-03-27T18:12:28","guid":{"rendered":"https:\/\/misionesfutbol.uno\/index.php\/2026\/03\/27\/la-liga-regional-oberena-de-futbol-celebra-un-nuevo-aniversario-de-su-fundacion\/"},"modified":"2026-03-27T15:12:28","modified_gmt":"2026-03-27T18:12:28","slug":"la-liga-regional-oberena-de-futbol-celebra-un-nuevo-aniversario-de-su-fundacion","status":"publish","type":"post","link":"https:\/\/misionesfutbol.uno\/index.php\/2026\/03\/27\/la-liga-regional-oberena-de-futbol-celebra-un-nuevo-aniversario-de-su-fundacion\/","title":{"rendered":"La Liga Regional Obere\u00f1a de F\u00fatbol celebra un nuevo aniversario de su fundaci\u00f3n"},"content":{"rendered":"<div>\n<div>\n<p><strong><a href=\"https:\/\/agenciamisiones.uno\/\">AGENCIA MISIONES.UNO<\/a> | Este 27 de marzo se conmemora un nuevo aniversario de la Liga Regional Obere\u00f1a de F\u00fatbol, instituci\u00f3n clave en el desarrollo del deporte en la regi\u00f3n, fundada en 1947.<\/strong><\/p>\n<p>La historia de la liga se remonta a aquel 27 de marzo, cuando en el local del Comando de Gendarmer\u00eda Nacional, por iniciativa del entonces segundo comandante Alberto Jos\u00e9 Soler, se reunieron presidentes y delegados de clubes locales con el objetivo de conformar una entidad que organizara y fomentara la pr\u00e1ctica del f\u00fatbol.<\/p>\n<p>Desde entonces, la instituci\u00f3n ha crecido de manera sostenida, incorporando nuevos clubes, ampliando categor\u00edas y consolid\u00e1ndose como un espacio de contenci\u00f3n, competencia y desarrollo deportivo para cientos de jugadores.<\/p>\n<p>A lo largo de los a\u00f1os, el trabajo conjunto de dirigentes, clubes y colaboradores permiti\u00f3 fortalecer la liga, que hoy contin\u00faa promoviendo valores como el compromiso, la participaci\u00f3n y el sentido de pertenencia bajo el lema \u201cTodos Somos Liga\u201d.<\/p>\n<p><img decoding=\"async\" class=\"aligncenter size-full wp-image-5324\" src=\"https:\/\/misionesfutbol.uno\/wp-content\/uploads\/2026\/03\/obera1-8.jpg\" sizes=\"(max-width: 640px) 100vw, 640px\" srcset=\"https:\/\/agenciamisiones.uno\/wp-content\/uploads\/2026\/03\/obera1-8-200x267.jpg 200w, https:\/\/agenciamisiones.uno\/wp-content\/uploads\/2026\/03\/obera1-8-225x300.jpg 225w, https:\/\/agenciamisiones.uno\/wp-content\/uploads\/2026\/03\/obera1-8-400x533.jpg 400w, https:\/\/agenciamisiones.uno\/wp-content\/uploads\/2026\/03\/obera1-8-600x800.jpg 600w, https:\/\/misionesfutbol.uno\/wp-content\/uploads\/2026\/03\/obera1-8.jpg 640w\" alt=\"\" width=\"640\" height=\"853\"><\/p>\n<p>Fuente: <a href=\"https:\/\/agenciamisiones.uno\/\">Agencia Misiones.uno<\/a>.<\/p>\n<\/div>\n<\/div>\n","protected":false},"excerpt":{"rendered":"<p>AGENCIA MISIONES.UNO | Este 27 de marzo se conmemora un  [&#8230;]<\/p>\n","protected":false},"author":1,"featured_media":63,"comment_status":"closed","ping_status":"closed","sticky":false,"template":"","format":"standard","meta":{"fifu_image_url":"","fifu_image_alt":"","footnotes":""},"categories":[5,7,10,11,12],"tags":[],"class_list":["post-62","post","type-post","status-publish","format-standard","has-post-thumbnail","hentry","category-depormisiones-uno","category-futbol","category-ligas-deportivas","category-obera","category-red-obera"],"acf":[],"yoast_head":"<!-- This site is optimized with the Yoast SEO plugin v27.2 - https:\/\/yoast.com\/product\/yoast-seo-wordpress\/ -->\n<title>La Liga Regional Obere\u00f1a de F\u00fatbol celebra un nuevo aniversario de su fundaci\u00f3n - Misiones F\u00fatbol .UNO - Red Misiones.uno<\/title>\n<meta name=\"robots\" content=\"index, follow, max-snippet:-1, max-image-preview:large, max-video-preview:-1\" \/>\n<link rel=\"canonical\" href=\"https:\/\/misionesfutbol.uno\/index.php\/2026\/03\/27\/la-liga-regional-oberena-de-futbol-celebra-un-nuevo-aniversario-de-su-fundacion\/\" \/>\n<meta property=\"og:locale\" content=\"es_ES\" \/>\n<meta property=\"og:type\" content=\"article\" \/>\n<meta property=\"og:title\" content=\"La Liga Regional Obere\u00f1a de F\u00fatbol celebra un nuevo aniversario de su fundaci\u00f3n - Misiones F\u00fatbol .UNO - Red Misiones.uno\" \/>\n<meta property=\"og:description\" content=\"AGENCIA MISIONES.UNO | Este 27 de marzo se conmemora un [...]\" \/>\n<meta property=\"og:url\" content=\"https:\/\/misionesfutbol.uno\/index.php\/2026\/03\/27\/la-liga-regional-oberena-de-futbol-celebra-un-nuevo-aniversario-de-su-fundacion\/\" \/>\n<meta property=\"og:site_name\" content=\"Misiones F\u00fatbol .UNO - Red Misiones.uno\" \/>\n<meta property=\"article:published_time\" content=\"2026-03-27T18:12:28+00:00\" \/>\n<meta name=\"author\" content=\"admin\" \/>\n<meta name=\"twitter:card\" content=\"summary_large_image\" \/>\n<meta name=\"twitter:label1\" content=\"Escrito por\" \/>\n\t<meta name=\"twitter:data1\" content=\"admin\" \/>\n\t<meta name=\"twitter:label2\" content=\"Tiempo de lectura\" \/>\n\t<meta name=\"twitter:data2\" content=\"1 minuto\" \/>\n<script type=\"application\/ld+json\" class=\"yoast-schema-graph\">{\"@context\":\"https:\/\/schema.org\",\"@graph\":[{\"@type\":\"Article\",\"@id\":\"https:\/\/misionesfutbol.uno\/index.php\/2026\/03\/27\/la-liga-regional-oberena-de-futbol-celebra-un-nuevo-aniversario-de-su-fundacion\/#article\",\"isPartOf\":{\"@id\":\"https:\/\/misionesfutbol.uno\/index.php\/2026\/03\/27\/la-liga-regional-oberena-de-futbol-celebra-un-nuevo-aniversario-de-su-fundacion\/\"},\"author\":{\"name\":\"admin\",\"@id\":\"https:\/\/misionesfutbol.uno\/#\/schema\/person\/0eaf77236e3cc12a5c97a42d1ebe87d4\"},\"headline\":\"La Liga Regional Obere\u00f1a de F\u00fatbol celebra un nuevo aniversario de su fundaci\u00f3n\",\"datePublished\":\"2026-03-27T18:12:28+00:00\",\"mainEntityOfPage\":{\"@id\":\"https:\/\/misionesfutbol.uno\/index.php\/2026\/03\/27\/la-liga-regional-oberena-de-futbol-celebra-un-nuevo-aniversario-de-su-fundacion\/\"},\"wordCount\":184,\"image\":{\"@id\":\"https:\/\/misionesfutbol.uno\/index.php\/2026\/03\/27\/la-liga-regional-oberena-de-futbol-celebra-un-nuevo-aniversario-de-su-fundacion\/#primaryimage\"},\"thumbnailUrl\":\"https:\/\/misionesfutbol.uno\/wp-content\/uploads\/2026\/03\/obera3-8.jpg\",\"articleSection\":[\"DEPORMISIONES.UNO\",\"F\u00fatbol\",\"Ligas Deportivas\",\"Ober\u00e1\",\"Red Ober\u00e1\"],\"inLanguage\":\"es-AR\"},{\"@type\":\"WebPage\",\"@id\":\"https:\/\/misionesfutbol.uno\/index.php\/2026\/03\/27\/la-liga-regional-oberena-de-futbol-celebra-un-nuevo-aniversario-de-su-fundacion\/\",\"url\":\"https:\/\/misionesfutbol.uno\/index.php\/2026\/03\/27\/la-liga-regional-oberena-de-futbol-celebra-un-nuevo-aniversario-de-su-fundacion\/\",\"name\":\"La Liga Regional Obere\u00f1a de F\u00fatbol celebra un nuevo aniversario de su fundaci\u00f3n - Misiones F\u00fatbol .UNO - Red Misiones.uno\",\"isPartOf\":{\"@id\":\"https:\/\/misionesfutbol.uno\/#website\"},\"primaryImageOfPage\":{\"@id\":\"https:\/\/misionesfutbol.uno\/index.php\/2026\/03\/27\/la-liga-regional-oberena-de-futbol-celebra-un-nuevo-aniversario-de-su-fundacion\/#primaryimage\"},\"image\":{\"@id\":\"https:\/\/misionesfutbol.uno\/index.php\/2026\/03\/27\/la-liga-regional-oberena-de-futbol-celebra-un-nuevo-aniversario-de-su-fundacion\/#primaryimage\"},\"thumbnailUrl\":\"https:\/\/misionesfutbol.uno\/wp-content\/uploads\/2026\/03\/obera3-8.jpg\",\"datePublished\":\"2026-03-27T18:12:28+00:00\",\"author\":{\"@id\":\"https:\/\/misionesfutbol.uno\/#\/schema\/person\/0eaf77236e3cc12a5c97a42d1ebe87d4\"},\"breadcrumb\":{\"@id\":\"https:\/\/misionesfutbol.uno\/index.php\/2026\/03\/27\/la-liga-regional-oberena-de-futbol-celebra-un-nuevo-aniversario-de-su-fundacion\/#breadcrumb\"},\"inLanguage\":\"es-AR\",\"potentialAction\":[{\"@type\":\"ReadAction\",\"target\":[\"https:\/\/misionesfutbol.uno\/index.php\/2026\/03\/27\/la-liga-regional-oberena-de-futbol-celebra-un-nuevo-aniversario-de-su-fundacion\/\"]}]},{\"@type\":\"ImageObject\",\"inLanguage\":\"es-AR\",\"@id\":\"https:\/\/misionesfutbol.uno\/index.php\/2026\/03\/27\/la-liga-regional-oberena-de-futbol-celebra-un-nuevo-aniversario-de-su-fundacion\/#primaryimage\",\"url\":\"https:\/\/misionesfutbol.uno\/wp-content\/uploads\/2026\/03\/obera3-8.jpg\",\"contentUrl\":\"https:\/\/misionesfutbol.uno\/wp-content\/uploads\/2026\/03\/obera3-8.jpg\",\"width\":640,\"height\":853},{\"@type\":\"BreadcrumbList\",\"@id\":\"https:\/\/misionesfutbol.uno\/index.php\/2026\/03\/27\/la-liga-regional-oberena-de-futbol-celebra-un-nuevo-aniversario-de-su-fundacion\/#breadcrumb\",\"itemListElement\":[{\"@type\":\"ListItem\",\"position\":1,\"name\":\"Inicio\",\"item\":\"https:\/\/misionesfutbol.uno\/\"},{\"@type\":\"ListItem\",\"position\":2,\"name\":\"La Liga Regional Obere\u00f1a de F\u00fatbol celebra un nuevo aniversario de su fundaci\u00f3n\"}]},{\"@type\":\"WebSite\",\"@id\":\"https:\/\/misionesfutbol.uno\/#website\",\"url\":\"https:\/\/misionesfutbol.uno\/\",\"name\":\"Misiones F\u00fatbol .UNO - Red Misiones.uno\",\"description\":\"Noticias sobre F\u00fatbol en Misiones\",\"potentialAction\":[{\"@type\":\"SearchAction\",\"target\":{\"@type\":\"EntryPoint\",\"urlTemplate\":\"https:\/\/misionesfutbol.uno\/?s={search_term_string}\"},\"query-input\":{\"@type\":\"PropertyValueSpecification\",\"valueRequired\":true,\"valueName\":\"search_term_string\"}}],\"inLanguage\":\"es-AR\"},{\"@type\":\"Person\",\"@id\":\"https:\/\/misionesfutbol.uno\/#\/schema\/person\/0eaf77236e3cc12a5c97a42d1ebe87d4\",\"name\":\"admin\",\"image\":{\"@type\":\"ImageObject\",\"inLanguage\":\"es-AR\",\"@id\":\"https:\/\/secure.gravatar.com\/avatar\/988cc68d97727f2265e15e4e04f35d45d93f5493d81192c37b6fcdf6407dba8c?s=96&d=mm&r=g\",\"url\":\"https:\/\/secure.gravatar.com\/avatar\/988cc68d97727f2265e15e4e04f35d45d93f5493d81192c37b6fcdf6407dba8c?s=96&d=mm&r=g\",\"contentUrl\":\"https:\/\/secure.gravatar.com\/avatar\/988cc68d97727f2265e15e4e04f35d45d93f5493d81192c37b6fcdf6407dba8c?s=96&d=mm&r=g\",\"caption\":\"admin\"},\"sameAs\":[\"http:\/\/misionesfutbol.uno\"],\"url\":\"https:\/\/misionesfutbol.uno\/index.php\/author\/admin\/\"}]}<\/script>\n<!-- \/ Yoast SEO plugin. -->","yoast_head_json":{"title":"La Liga Regional Obere\u00f1a de F\u00fatbol celebra un nuevo aniversario de su fundaci\u00f3n - Misiones F\u00fatbol .UNO - Red Misiones.uno","robots":{"index":"index","follow":"follow","max-snippet":"max-snippet:-1","max-image-preview":"max-image-preview:large","max-video-preview":"max-video-preview:-1"},"canonical":"https:\/\/misionesfutbol.uno\/index.php\/2026\/03\/27\/la-liga-regional-oberena-de-futbol-celebra-un-nuevo-aniversario-de-su-fundacion\/","og_locale":"es_ES","og_type":"article","og_title":"La Liga Regional Obere\u00f1a de F\u00fatbol celebra un nuevo aniversario de su fundaci\u00f3n - Misiones F\u00fatbol .UNO - Red Misiones.uno","og_description":"AGENCIA MISIONES.UNO | Este 27 de marzo se conmemora un [...]","og_url":"https:\/\/misionesfutbol.uno\/index.php\/2026\/03\/27\/la-liga-regional-oberena-de-futbol-celebra-un-nuevo-aniversario-de-su-fundacion\/","og_site_name":"Misiones F\u00fatbol .UNO - Red Misiones.uno","article_published_time":"2026-03-27T18:12:28+00:00","author":"admin","twitter_card":"summary_large_image","twitter_misc":{"Escrito por":"admin","Tiempo de lectura":"1 minuto"},"schema":{"@context":"https:\/\/schema.org","@graph":[{"@type":"Article","@id":"https:\/\/misionesfutbol.uno\/index.php\/2026\/03\/27\/la-liga-regional-oberena-de-futbol-celebra-un-nuevo-aniversario-de-su-fundacion\/#article","isPartOf":{"@id":"https:\/\/misionesfutbol.uno\/index.php\/2026\/03\/27\/la-liga-regional-oberena-de-futbol-celebra-un-nuevo-aniversario-de-su-fundacion\/"},"author":{"name":"admin","@id":"https:\/\/misionesfutbol.uno\/#\/schema\/person\/0eaf77236e3cc12a5c97a42d1ebe87d4"},"headline":"La Liga Regional Obere\u00f1a de F\u00fatbol celebra un nuevo aniversario de su fundaci\u00f3n","datePublished":"2026-03-27T18:12:28+00:00","mainEntityOfPage":{"@id":"https:\/\/misionesfutbol.uno\/index.php\/2026\/03\/27\/la-liga-regional-oberena-de-futbol-celebra-un-nuevo-aniversario-de-su-fundacion\/"},"wordCount":184,"image":{"@id":"https:\/\/misionesfutbol.uno\/index.php\/2026\/03\/27\/la-liga-regional-oberena-de-futbol-celebra-un-nuevo-aniversario-de-su-fundacion\/#primaryimage"},"thumbnailUrl":"https:\/\/misionesfutbol.uno\/wp-content\/uploads\/2026\/03\/obera3-8.jpg","articleSection":["DEPORMISIONES.UNO","F\u00fatbol","Ligas Deportivas","Ober\u00e1","Red Ober\u00e1"],"inLanguage":"es-AR"},{"@type":"WebPage","@id":"https:\/\/misionesfutbol.uno\/index.php\/2026\/03\/27\/la-liga-regional-oberena-de-futbol-celebra-un-nuevo-aniversario-de-su-fundacion\/","url":"https:\/\/misionesfutbol.uno\/index.php\/2026\/03\/27\/la-liga-regional-oberena-de-futbol-celebra-un-nuevo-aniversario-de-su-fundacion\/","name":"La Liga Regional Obere\u00f1a de F\u00fatbol celebra un nuevo aniversario de su fundaci\u00f3n - Misiones F\u00fatbol .UNO - Red Misiones.uno","isPartOf":{"@id":"https:\/\/misionesfutbol.uno\/#website"},"primaryImageOfPage":{"@id":"https:\/\/misionesfutbol.uno\/index.php\/2026\/03\/27\/la-liga-regional-oberena-de-futbol-celebra-un-nuevo-aniversario-de-su-fundacion\/#primaryimage"},"image":{"@id":"https:\/\/misionesfutbol.uno\/index.php\/2026\/03\/27\/la-liga-regional-oberena-de-futbol-celebra-un-nuevo-aniversario-de-su-fundacion\/#primaryimage"},"thumbnailUrl":"https:\/\/misionesfutbol.uno\/wp-content\/uploads\/2026\/03\/obera3-8.jpg","datePublished":"2026-03-27T18:12:28+00:00","author":{"@id":"https:\/\/misionesfutbol.uno\/#\/schema\/person\/0eaf77236e3cc12a5c97a42d1ebe87d4"},"breadcrumb":{"@id":"https:\/\/misionesfutbol.uno\/index.php\/2026\/03\/27\/la-liga-regional-oberena-de-futbol-celebra-un-nuevo-aniversario-de-su-fundacion\/#breadcrumb"},"inLanguage":"es-AR","potentialAction":[{"@type":"ReadAction","target":["https:\/\/misionesfutbol.uno\/index.php\/2026\/03\/27\/la-liga-regional-oberena-de-futbol-celebra-un-nuevo-aniversario-de-su-fundacion\/"]}]},{"@type":"ImageObject","inLanguage":"es-AR","@id":"https:\/\/misionesfutbol.uno\/index.php\/2026\/03\/27\/la-liga-regional-oberena-de-futbol-celebra-un-nuevo-aniversario-de-su-fundacion\/#primaryimage","url":"https:\/\/misionesfutbol.uno\/wp-content\/uploads\/2026\/03\/obera3-8.jpg","contentUrl":"https:\/\/misionesfutbol.uno\/wp-content\/uploads\/2026\/03\/obera3-8.jpg","width":640,"height":853},{"@type":"BreadcrumbList","@id":"https:\/\/misionesfutbol.uno\/index.php\/2026\/03\/27\/la-liga-regional-oberena-de-futbol-celebra-un-nuevo-aniversario-de-su-fundacion\/#breadcrumb","itemListElement":[{"@type":"ListItem","position":1,"name":"Inicio","item":"https:\/\/misionesfutbol.uno\/"},{"@type":"ListItem","position":2,"name":"La Liga Regional Obere\u00f1a de F\u00fatbol celebra un nuevo aniversario de su fundaci\u00f3n"}]},{"@type":"WebSite","@id":"https:\/\/misionesfutbol.uno\/#website","url":"https:\/\/misionesfutbol.uno\/","name":"Misiones F\u00fatbol .UNO - Red Misiones.uno","description":"Noticias sobre F\u00fatbol en Misiones","potentialAction":[{"@type":"SearchAction","target":{"@type":"EntryPoint","urlTemplate":"https:\/\/misionesfutbol.uno\/?s={search_term_string}"},"query-input":{"@type":"PropertyValueSpecification","valueRequired":true,"valueName":"search_term_string"}}],"inLanguage":"es-AR"},{"@type":"Person","@id":"https:\/\/misionesfutbol.uno\/#\/schema\/person\/0eaf77236e3cc12a5c97a42d1ebe87d4","name":"admin","image":{"@type":"ImageObject","inLanguage":"es-AR","@id":"https:\/\/secure.gravatar.com\/avatar\/988cc68d97727f2265e15e4e04f35d45d93f5493d81192c37b6fcdf6407dba8c?s=96&d=mm&r=g","url":"https:\/\/secure.gravatar.com\/avatar\/988cc68d97727f2265e15e4e04f35d45d93f5493d81192c37b6fcdf6407dba8c?s=96&d=mm&r=g","contentUrl":"https:\/\/secure.gravatar.com\/avatar\/988cc68d97727f2265e15e4e04f35d45d93f5493d81192c37b6fcdf6407dba8c?s=96&d=mm&r=g","caption":"admin"},"sameAs":["http:\/\/misionesfutbol.uno"],"url":"https:\/\/misionesfutbol.uno\/index.php\/author\/admin\/"}]}},"_links":{"self":[{"href":"https:\/\/misionesfutbol.uno\/index.php\/wp-json\/wp\/v2\/posts\/62","targetHints":{"allow":["GET"]}}],"collection":[{"href":"https:\/\/misionesfutbol.uno\/index.php\/wp-json\/wp\/v2\/posts"}],"about":[{"href":"https:\/\/misionesfutbol.uno\/index.php\/wp-json\/wp\/v2\/types\/post"}],"author":[{"embeddable":true,"href":"https:\/\/misionesfutbol.uno\/index.php\/wp-json\/wp\/v2\/users\/1"}],"replies":[{"embeddable":true,"href":"https:\/\/misionesfutbol.uno\/index.php\/wp-json\/wp\/v2\/comments?post=62"}],"version-history":[{"count":0,"href":"https:\/\/misionesfutbol.uno\/index.php\/wp-json\/wp\/v2\/posts\/62\/revisions"}],"wp:featuredmedia":[{"embeddable":true,"href":"https:\/\/misionesfutbol.uno\/index.php\/wp-json\/wp\/v2\/media\/63"}],"wp:attachment":[{"href":"https:\/\/misionesfutbol.uno\/index.php\/wp-json\/wp\/v2\/media?parent=62"}],"wp:term":[{"taxonomy":"category","embeddable":true,"href":"https:\/\/misionesfutbol.uno\/index.php\/wp-json\/wp\/v2\/categories?post=62"},{"taxonomy":"post_tag","embeddable":true,"href":"https:\/\/misionesfutbol.uno\/index.php\/wp-json\/wp\/v2\/tags?post=62"}],"curies":[{"name":"wp","href":"https:\/\/api.w.org\/{rel}","templated":true}]}}