{"id":65,"date":"2026-04-01T18:13:58","date_gmt":"2026-04-01T21:13:58","guid":{"rendered":"https:\/\/misionesfutbol.uno\/index.php\/2026\/04\/01\/jardin-america-abre-inscripciones-para-curso-de-entrenador-de-futbol-socio-comunitario\/"},"modified":"2026-04-01T18:13:58","modified_gmt":"2026-04-01T21:13:58","slug":"jardin-america-abre-inscripciones-para-curso-de-entrenador-de-futbol-socio-comunitario","status":"publish","type":"post","link":"https:\/\/misionesfutbol.uno\/index.php\/2026\/04\/01\/jardin-america-abre-inscripciones-para-curso-de-entrenador-de-futbol-socio-comunitario\/","title":{"rendered":"Jard\u00edn Am\u00e9rica abre inscripciones para curso de entrenador de f\u00fatbol socio-comunitario"},"content":{"rendered":"<div>\n<div>\n<p data-start=\"88\" data-end=\"294\"><strong data-start=\"88\" data-end=\"294\">AGENCIA MISIONES.UNO | La Municipalidad de Jard\u00edn Am\u00e9rica lanz\u00f3 una capacitaci\u00f3n destinada a la formaci\u00f3n de entrenadores de f\u00fatbol socio-comunitario, con clases te\u00f3ricas y pr\u00e1cticas durante tres meses.<\/strong><\/p>\n<hr>\n<p data-start=\"296\" data-end=\"531\">Desde el \u00e1rea de Deportes informaron que se encuentra abierta la inscripci\u00f3n para el curso de entrenador de f\u00fatbol socio-comunitario, una propuesta orientada a brindar herramientas para el desarrollo deportivo y social en la comunidad.<\/p>\n<p data-start=\"533\" data-end=\"796\">La capacitaci\u00f3n tendr\u00e1 una duraci\u00f3n de tres meses y se dictar\u00e1 los d\u00edas viernes, de 17:30 a 20:00 horas, en el Polideportivo local. El inicio de las clases est\u00e1 previsto para el viernes 10 de abril, con una modalidad que combinar\u00e1 contenidos te\u00f3ricos y pr\u00e1cticos.<\/p>\n<p data-start=\"798\" data-end=\"1097\" data-is-last-node=\"\" data-is-only-node=\"\">Las inscripciones se realizan de lunes a viernes, en el horario de 8:30 a 11:00, en la oficina de Deportes del Polideportivo. El curso estar\u00e1 a cargo de Roque Miranda, director t\u00e9cnico nacional, y Ricardo Portillo, instructor nacional de \u00e1rbitros, quienes brindar\u00e1n la formaci\u00f3n a los participantes.<\/p>\n<p data-start=\"798\" data-end=\"1097\" data-is-last-node=\"\" data-is-only-node=\"\">\n<p data-start=\"798\" data-end=\"1097\" data-is-last-node=\"\" data-is-only-node=\"\"><img decoding=\"async\" class=\"aligncenter size-full wp-image-5977\" src=\"https:\/\/misionesfutbol.uno\/wp-content\/uploads\/2026\/04\/ZDEPORTE.jpg\" sizes=\"(max-width: 640px) 100vw, 640px\" srcset=\"https:\/\/agenciamisiones.uno\/wp-content\/uploads\/2026\/04\/ZDEPORTE-200x267.jpg 200w, https:\/\/agenciamisiones.uno\/wp-content\/uploads\/2026\/04\/ZDEPORTE-225x300.jpg 225w, https:\/\/agenciamisiones.uno\/wp-content\/uploads\/2026\/04\/ZDEPORTE-400x533.jpg 400w, https:\/\/agenciamisiones.uno\/wp-content\/uploads\/2026\/04\/ZDEPORTE-600x800.jpg 600w, https:\/\/misionesfutbol.uno\/wp-content\/uploads\/2026\/04\/ZDEPORTE.jpg 640w\" alt=\"\" width=\"640\" height=\"853\"><\/p>\n<p>Fuente: <a href=\"https:\/\/agenciamisiones.uno\/\">Agencia Misiones.uno<\/a>.<\/p>\n<\/div>\n<\/div>\n","protected":false},"excerpt":{"rendered":"<p>AGENCIA MISIONES.UNO | La Municipalidad de Jard\u00edn Am\u00e9rica lanz\u00f3 una  [&#8230;]<\/p>\n","protected":false},"author":1,"featured_media":66,"comment_status":"closed","ping_status":"closed","sticky":false,"template":"","format":"standard","meta":{"fifu_image_url":"","fifu_image_alt":"","footnotes":""},"categories":[5,6,7,8,13],"tags":[],"class_list":["post-65","post","type-post","status-publish","format-standard","has-post-thumbnail","hentry","category-depormisiones-uno","category-deportes","category-futbol","category-gobiernos-municipales","category-jardin-america"],"acf":[],"yoast_head":"<!-- This site is optimized with the Yoast SEO plugin v27.2 - https:\/\/yoast.com\/product\/yoast-seo-wordpress\/ -->\n<title>Jard\u00edn Am\u00e9rica abre inscripciones para curso de entrenador de f\u00fatbol socio-comunitario - Misiones F\u00fatbol .UNO - Red Misiones.uno<\/title>\n<meta name=\"robots\" content=\"index, follow, max-snippet:-1, max-image-preview:large, max-video-preview:-1\" \/>\n<link rel=\"canonical\" href=\"https:\/\/misionesfutbol.uno\/index.php\/2026\/04\/01\/jardin-america-abre-inscripciones-para-curso-de-entrenador-de-futbol-socio-comunitario\/\" \/>\n<meta property=\"og:locale\" content=\"es_ES\" \/>\n<meta property=\"og:type\" content=\"article\" \/>\n<meta property=\"og:title\" content=\"Jard\u00edn Am\u00e9rica abre inscripciones para curso de entrenador de f\u00fatbol socio-comunitario - Misiones F\u00fatbol .UNO - Red Misiones.uno\" \/>\n<meta property=\"og:description\" content=\"AGENCIA MISIONES.UNO | La Municipalidad de Jard\u00edn Am\u00e9rica lanz\u00f3 una [...]\" \/>\n<meta property=\"og:url\" content=\"https:\/\/misionesfutbol.uno\/index.php\/2026\/04\/01\/jardin-america-abre-inscripciones-para-curso-de-entrenador-de-futbol-socio-comunitario\/\" \/>\n<meta property=\"og:site_name\" content=\"Misiones F\u00fatbol .UNO - Red Misiones.uno\" \/>\n<meta property=\"article:published_time\" content=\"2026-04-01T21:13:58+00:00\" \/>\n<meta name=\"author\" content=\"admin\" \/>\n<meta name=\"twitter:card\" content=\"summary_large_image\" \/>\n<meta name=\"twitter:label1\" content=\"Escrito por\" \/>\n\t<meta name=\"twitter:data1\" content=\"admin\" \/>\n\t<meta name=\"twitter:label2\" content=\"Tiempo de lectura\" \/>\n\t<meta name=\"twitter:data2\" content=\"1 minuto\" \/>\n<script type=\"application\/ld+json\" class=\"yoast-schema-graph\">{\"@context\":\"https:\/\/schema.org\",\"@graph\":[{\"@type\":\"Article\",\"@id\":\"https:\/\/misionesfutbol.uno\/index.php\/2026\/04\/01\/jardin-america-abre-inscripciones-para-curso-de-entrenador-de-futbol-socio-comunitario\/#article\",\"isPartOf\":{\"@id\":\"https:\/\/misionesfutbol.uno\/index.php\/2026\/04\/01\/jardin-america-abre-inscripciones-para-curso-de-entrenador-de-futbol-socio-comunitario\/\"},\"author\":{\"name\":\"admin\",\"@id\":\"https:\/\/misionesfutbol.uno\/#\/schema\/person\/0eaf77236e3cc12a5c97a42d1ebe87d4\"},\"headline\":\"Jard\u00edn Am\u00e9rica abre inscripciones para curso de entrenador de f\u00fatbol socio-comunitario\",\"datePublished\":\"2026-04-01T21:13:58+00:00\",\"mainEntityOfPage\":{\"@id\":\"https:\/\/misionesfutbol.uno\/index.php\/2026\/04\/01\/jardin-america-abre-inscripciones-para-curso-de-entrenador-de-futbol-socio-comunitario\/\"},\"wordCount\":185,\"image\":{\"@id\":\"https:\/\/misionesfutbol.uno\/index.php\/2026\/04\/01\/jardin-america-abre-inscripciones-para-curso-de-entrenador-de-futbol-socio-comunitario\/#primaryimage\"},\"thumbnailUrl\":\"https:\/\/misionesfutbol.uno\/wp-content\/uploads\/2026\/04\/MASTER-FOTOS-JARDIN-DEPOR.jpg\",\"articleSection\":[\"DEPORMISIONES.UNO\",\"Deportes\",\"F\u00fatbol\",\"Gobiernos Municipales\",\"Jard\u00edn Am\u00e9rica\"],\"inLanguage\":\"es-AR\"},{\"@type\":\"WebPage\",\"@id\":\"https:\/\/misionesfutbol.uno\/index.php\/2026\/04\/01\/jardin-america-abre-inscripciones-para-curso-de-entrenador-de-futbol-socio-comunitario\/\",\"url\":\"https:\/\/misionesfutbol.uno\/index.php\/2026\/04\/01\/jardin-america-abre-inscripciones-para-curso-de-entrenador-de-futbol-socio-comunitario\/\",\"name\":\"Jard\u00edn Am\u00e9rica abre inscripciones para curso de entrenador de f\u00fatbol socio-comunitario - Misiones F\u00fatbol .UNO - Red Misiones.uno\",\"isPartOf\":{\"@id\":\"https:\/\/misionesfutbol.uno\/#website\"},\"primaryImageOfPage\":{\"@id\":\"https:\/\/misionesfutbol.uno\/index.php\/2026\/04\/01\/jardin-america-abre-inscripciones-para-curso-de-entrenador-de-futbol-socio-comunitario\/#primaryimage\"},\"image\":{\"@id\":\"https:\/\/misionesfutbol.uno\/index.php\/2026\/04\/01\/jardin-america-abre-inscripciones-para-curso-de-entrenador-de-futbol-socio-comunitario\/#primaryimage\"},\"thumbnailUrl\":\"https:\/\/misionesfutbol.uno\/wp-content\/uploads\/2026\/04\/MASTER-FOTOS-JARDIN-DEPOR.jpg\",\"datePublished\":\"2026-04-01T21:13:58+00:00\",\"author\":{\"@id\":\"https:\/\/misionesfutbol.uno\/#\/schema\/person\/0eaf77236e3cc12a5c97a42d1ebe87d4\"},\"breadcrumb\":{\"@id\":\"https:\/\/misionesfutbol.uno\/index.php\/2026\/04\/01\/jardin-america-abre-inscripciones-para-curso-de-entrenador-de-futbol-socio-comunitario\/#breadcrumb\"},\"inLanguage\":\"es-AR\",\"potentialAction\":[{\"@type\":\"ReadAction\",\"target\":[\"https:\/\/misionesfutbol.uno\/index.php\/2026\/04\/01\/jardin-america-abre-inscripciones-para-curso-de-entrenador-de-futbol-socio-comunitario\/\"]}]},{\"@type\":\"ImageObject\",\"inLanguage\":\"es-AR\",\"@id\":\"https:\/\/misionesfutbol.uno\/index.php\/2026\/04\/01\/jardin-america-abre-inscripciones-para-curso-de-entrenador-de-futbol-socio-comunitario\/#primaryimage\",\"url\":\"https:\/\/misionesfutbol.uno\/wp-content\/uploads\/2026\/04\/MASTER-FOTOS-JARDIN-DEPOR.jpg\",\"contentUrl\":\"https:\/\/misionesfutbol.uno\/wp-content\/uploads\/2026\/04\/MASTER-FOTOS-JARDIN-DEPOR.jpg\",\"width\":640,\"height\":853},{\"@type\":\"BreadcrumbList\",\"@id\":\"https:\/\/misionesfutbol.uno\/index.php\/2026\/04\/01\/jardin-america-abre-inscripciones-para-curso-de-entrenador-de-futbol-socio-comunitario\/#breadcrumb\",\"itemListElement\":[{\"@type\":\"ListItem\",\"position\":1,\"name\":\"Inicio\",\"item\":\"https:\/\/misionesfutbol.uno\/\"},{\"@type\":\"ListItem\",\"position\":2,\"name\":\"Jard\u00edn Am\u00e9rica abre inscripciones para curso de entrenador de f\u00fatbol socio-comunitario\"}]},{\"@type\":\"WebSite\",\"@id\":\"https:\/\/misionesfutbol.uno\/#website\",\"url\":\"https:\/\/misionesfutbol.uno\/\",\"name\":\"Misiones F\u00fatbol .UNO - Red Misiones.uno\",\"description\":\"Noticias sobre F\u00fatbol en Misiones\",\"potentialAction\":[{\"@type\":\"SearchAction\",\"target\":{\"@type\":\"EntryPoint\",\"urlTemplate\":\"https:\/\/misionesfutbol.uno\/?s={search_term_string}\"},\"query-input\":{\"@type\":\"PropertyValueSpecification\",\"valueRequired\":true,\"valueName\":\"search_term_string\"}}],\"inLanguage\":\"es-AR\"},{\"@type\":\"Person\",\"@id\":\"https:\/\/misionesfutbol.uno\/#\/schema\/person\/0eaf77236e3cc12a5c97a42d1ebe87d4\",\"name\":\"admin\",\"image\":{\"@type\":\"ImageObject\",\"inLanguage\":\"es-AR\",\"@id\":\"https:\/\/secure.gravatar.com\/avatar\/988cc68d97727f2265e15e4e04f35d45d93f5493d81192c37b6fcdf6407dba8c?s=96&d=mm&r=g\",\"url\":\"https:\/\/secure.gravatar.com\/avatar\/988cc68d97727f2265e15e4e04f35d45d93f5493d81192c37b6fcdf6407dba8c?s=96&d=mm&r=g\",\"contentUrl\":\"https:\/\/secure.gravatar.com\/avatar\/988cc68d97727f2265e15e4e04f35d45d93f5493d81192c37b6fcdf6407dba8c?s=96&d=mm&r=g\",\"caption\":\"admin\"},\"sameAs\":[\"http:\/\/misionesfutbol.uno\"],\"url\":\"https:\/\/misionesfutbol.uno\/index.php\/author\/admin\/\"}]}<\/script>\n<!-- \/ Yoast SEO plugin. -->","yoast_head_json":{"title":"Jard\u00edn Am\u00e9rica abre inscripciones para curso de entrenador de f\u00fatbol socio-comunitario - Misiones F\u00fatbol .UNO - Red Misiones.uno","robots":{"index":"index","follow":"follow","max-snippet":"max-snippet:-1","max-image-preview":"max-image-preview:large","max-video-preview":"max-video-preview:-1"},"canonical":"https:\/\/misionesfutbol.uno\/index.php\/2026\/04\/01\/jardin-america-abre-inscripciones-para-curso-de-entrenador-de-futbol-socio-comunitario\/","og_locale":"es_ES","og_type":"article","og_title":"Jard\u00edn Am\u00e9rica abre inscripciones para curso de entrenador de f\u00fatbol socio-comunitario - Misiones F\u00fatbol .UNO - Red Misiones.uno","og_description":"AGENCIA MISIONES.UNO | La Municipalidad de Jard\u00edn Am\u00e9rica lanz\u00f3 una [...]","og_url":"https:\/\/misionesfutbol.uno\/index.php\/2026\/04\/01\/jardin-america-abre-inscripciones-para-curso-de-entrenador-de-futbol-socio-comunitario\/","og_site_name":"Misiones F\u00fatbol .UNO - Red Misiones.uno","article_published_time":"2026-04-01T21:13:58+00:00","author":"admin","twitter_card":"summary_large_image","twitter_misc":{"Escrito por":"admin","Tiempo de lectura":"1 minuto"},"schema":{"@context":"https:\/\/schema.org","@graph":[{"@type":"Article","@id":"https:\/\/misionesfutbol.uno\/index.php\/2026\/04\/01\/jardin-america-abre-inscripciones-para-curso-de-entrenador-de-futbol-socio-comunitario\/#article","isPartOf":{"@id":"https:\/\/misionesfutbol.uno\/index.php\/2026\/04\/01\/jardin-america-abre-inscripciones-para-curso-de-entrenador-de-futbol-socio-comunitario\/"},"author":{"name":"admin","@id":"https:\/\/misionesfutbol.uno\/#\/schema\/person\/0eaf77236e3cc12a5c97a42d1ebe87d4"},"headline":"Jard\u00edn Am\u00e9rica abre inscripciones para curso de entrenador de f\u00fatbol socio-comunitario","datePublished":"2026-04-01T21:13:58+00:00","mainEntityOfPage":{"@id":"https:\/\/misionesfutbol.uno\/index.php\/2026\/04\/01\/jardin-america-abre-inscripciones-para-curso-de-entrenador-de-futbol-socio-comunitario\/"},"wordCount":185,"image":{"@id":"https:\/\/misionesfutbol.uno\/index.php\/2026\/04\/01\/jardin-america-abre-inscripciones-para-curso-de-entrenador-de-futbol-socio-comunitario\/#primaryimage"},"thumbnailUrl":"https:\/\/misionesfutbol.uno\/wp-content\/uploads\/2026\/04\/MASTER-FOTOS-JARDIN-DEPOR.jpg","articleSection":["DEPORMISIONES.UNO","Deportes","F\u00fatbol","Gobiernos Municipales","Jard\u00edn Am\u00e9rica"],"inLanguage":"es-AR"},{"@type":"WebPage","@id":"https:\/\/misionesfutbol.uno\/index.php\/2026\/04\/01\/jardin-america-abre-inscripciones-para-curso-de-entrenador-de-futbol-socio-comunitario\/","url":"https:\/\/misionesfutbol.uno\/index.php\/2026\/04\/01\/jardin-america-abre-inscripciones-para-curso-de-entrenador-de-futbol-socio-comunitario\/","name":"Jard\u00edn Am\u00e9rica abre inscripciones para curso de entrenador de f\u00fatbol socio-comunitario - Misiones F\u00fatbol .UNO - Red Misiones.uno","isPartOf":{"@id":"https:\/\/misionesfutbol.uno\/#website"},"primaryImageOfPage":{"@id":"https:\/\/misionesfutbol.uno\/index.php\/2026\/04\/01\/jardin-america-abre-inscripciones-para-curso-de-entrenador-de-futbol-socio-comunitario\/#primaryimage"},"image":{"@id":"https:\/\/misionesfutbol.uno\/index.php\/2026\/04\/01\/jardin-america-abre-inscripciones-para-curso-de-entrenador-de-futbol-socio-comunitario\/#primaryimage"},"thumbnailUrl":"https:\/\/misionesfutbol.uno\/wp-content\/uploads\/2026\/04\/MASTER-FOTOS-JARDIN-DEPOR.jpg","datePublished":"2026-04-01T21:13:58+00:00","author":{"@id":"https:\/\/misionesfutbol.uno\/#\/schema\/person\/0eaf77236e3cc12a5c97a42d1ebe87d4"},"breadcrumb":{"@id":"https:\/\/misionesfutbol.uno\/index.php\/2026\/04\/01\/jardin-america-abre-inscripciones-para-curso-de-entrenador-de-futbol-socio-comunitario\/#breadcrumb"},"inLanguage":"es-AR","potentialAction":[{"@type":"ReadAction","target":["https:\/\/misionesfutbol.uno\/index.php\/2026\/04\/01\/jardin-america-abre-inscripciones-para-curso-de-entrenador-de-futbol-socio-comunitario\/"]}]},{"@type":"ImageObject","inLanguage":"es-AR","@id":"https:\/\/misionesfutbol.uno\/index.php\/2026\/04\/01\/jardin-america-abre-inscripciones-para-curso-de-entrenador-de-futbol-socio-comunitario\/#primaryimage","url":"https:\/\/misionesfutbol.uno\/wp-content\/uploads\/2026\/04\/MASTER-FOTOS-JARDIN-DEPOR.jpg","contentUrl":"https:\/\/misionesfutbol.uno\/wp-content\/uploads\/2026\/04\/MASTER-FOTOS-JARDIN-DEPOR.jpg","width":640,"height":853},{"@type":"BreadcrumbList","@id":"https:\/\/misionesfutbol.uno\/index.php\/2026\/04\/01\/jardin-america-abre-inscripciones-para-curso-de-entrenador-de-futbol-socio-comunitario\/#breadcrumb","itemListElement":[{"@type":"ListItem","position":1,"name":"Inicio","item":"https:\/\/misionesfutbol.uno\/"},{"@type":"ListItem","position":2,"name":"Jard\u00edn Am\u00e9rica abre inscripciones para curso de entrenador de f\u00fatbol socio-comunitario"}]},{"@type":"WebSite","@id":"https:\/\/misionesfutbol.uno\/#website","url":"https:\/\/misionesfutbol.uno\/","name":"Misiones F\u00fatbol .UNO - Red Misiones.uno","description":"Noticias sobre F\u00fatbol en Misiones","potentialAction":[{"@type":"SearchAction","target":{"@type":"EntryPoint","urlTemplate":"https:\/\/misionesfutbol.uno\/?s={search_term_string}"},"query-input":{"@type":"PropertyValueSpecification","valueRequired":true,"valueName":"search_term_string"}}],"inLanguage":"es-AR"},{"@type":"Person","@id":"https:\/\/misionesfutbol.uno\/#\/schema\/person\/0eaf77236e3cc12a5c97a42d1ebe87d4","name":"admin","image":{"@type":"ImageObject","inLanguage":"es-AR","@id":"https:\/\/secure.gravatar.com\/avatar\/988cc68d97727f2265e15e4e04f35d45d93f5493d81192c37b6fcdf6407dba8c?s=96&d=mm&r=g","url":"https:\/\/secure.gravatar.com\/avatar\/988cc68d97727f2265e15e4e04f35d45d93f5493d81192c37b6fcdf6407dba8c?s=96&d=mm&r=g","contentUrl":"https:\/\/secure.gravatar.com\/avatar\/988cc68d97727f2265e15e4e04f35d45d93f5493d81192c37b6fcdf6407dba8c?s=96&d=mm&r=g","caption":"admin"},"sameAs":["http:\/\/misionesfutbol.uno"],"url":"https:\/\/misionesfutbol.uno\/index.php\/author\/admin\/"}]}},"_links":{"self":[{"href":"https:\/\/misionesfutbol.uno\/index.php\/wp-json\/wp\/v2\/posts\/65","targetHints":{"allow":["GET"]}}],"collection":[{"href":"https:\/\/misionesfutbol.uno\/index.php\/wp-json\/wp\/v2\/posts"}],"about":[{"href":"https:\/\/misionesfutbol.uno\/index.php\/wp-json\/wp\/v2\/types\/post"}],"author":[{"embeddable":true,"href":"https:\/\/misionesfutbol.uno\/index.php\/wp-json\/wp\/v2\/users\/1"}],"replies":[{"embeddable":true,"href":"https:\/\/misionesfutbol.uno\/index.php\/wp-json\/wp\/v2\/comments?post=65"}],"version-history":[{"count":0,"href":"https:\/\/misionesfutbol.uno\/index.php\/wp-json\/wp\/v2\/posts\/65\/revisions"}],"wp:featuredmedia":[{"embeddable":true,"href":"https:\/\/misionesfutbol.uno\/index.php\/wp-json\/wp\/v2\/media\/66"}],"wp:attachment":[{"href":"https:\/\/misionesfutbol.uno\/index.php\/wp-json\/wp\/v2\/media?parent=65"}],"wp:term":[{"taxonomy":"category","embeddable":true,"href":"https:\/\/misionesfutbol.uno\/index.php\/wp-json\/wp\/v2\/categories?post=65"},{"taxonomy":"post_tag","embeddable":true,"href":"https:\/\/misionesfutbol.uno\/index.php\/wp-json\/wp\/v2\/tags?post=65"}],"curies":[{"name":"wp","href":"https:\/\/api.w.org\/{rel}","templated":true}]}}