{"id":69,"date":"2026-04-05T20:43:53","date_gmt":"2026-04-05T23:43:53","guid":{"rendered":"https:\/\/misionesfutbol.uno\/index.php\/2026\/04\/05\/andresito-se-destaco-en-la-copa-tierra-colorada-y-reafirma-su-apuesta-al-deporte-formativo\/"},"modified":"2026-04-05T20:43:53","modified_gmt":"2026-04-05T23:43:53","slug":"andresito-se-destaco-en-la-copa-tierra-colorada-y-reafirma-su-apuesta-al-deporte-formativo","status":"publish","type":"post","link":"https:\/\/misionesfutbol.uno\/index.php\/2026\/04\/05\/andresito-se-destaco-en-la-copa-tierra-colorada-y-reafirma-su-apuesta-al-deporte-formativo\/","title":{"rendered":"Andresito se destac\u00f3 en la Copa Tierra Colorada y reafirma su apuesta al deporte formativo"},"content":{"rendered":"<div>\n<div>\n<p><strong><a href=\"https:\/\/agenciamisiones.uno\/\">AGENCIA MISIONES.UNO<\/a> | La delegaci\u00f3n de Comandante Andresito tuvo una sobresaliente participaci\u00f3n en la 4.\u00aa edici\u00f3n de la Copa Tierra Colorada, donde j\u00f3venes deportistas representaron a la comunidad con compromiso y un alto nivel competitivo.<\/strong><\/p>\n<p>Durante cuatro jornadas, los equipos locales participaron en las categor\u00edas 2011 y 2013, consolidando el crecimiento del deporte en la localidad y fortaleciendo valores como el trabajo en equipo, el respeto y el compa\u00f1erismo en un \u00e1mbito de formaci\u00f3n.<\/p>\n<p>Desde la @municipalidad.andresito destacaron el rol de la Direcci\u00f3n de Deportes, a cargo de Gabriel Sadycz, por la planificaci\u00f3n y el acompa\u00f1amiento constante a los j\u00f3venes, promoviendo el deporte como herramienta de inclusi\u00f3n y desarrollo integral. Adem\u00e1s, se valor\u00f3 el aporte del colectivo municipal que facilit\u00f3 el traslado de la delegaci\u00f3n, permitiendo su participaci\u00f3n en el certamen.<\/p>\n<p>El acompa\u00f1amiento de las familias fue otro de los pilares fundamentales durante la competencia, brindando apoyo en cada instancia y fortaleciendo el crecimiento deportivo y humano de los chicos.<\/p>\n<p><img decoding=\"async\" class=\"aligncenter size-full wp-image-6486\" src=\"https:\/\/misionesfutbol.uno\/wp-content\/uploads\/2026\/04\/andrestio9.jpg\" sizes=\"(max-width: 640px) 100vw, 640px\" srcset=\"https:\/\/agenciamisiones.uno\/wp-content\/uploads\/2026\/04\/andrestio9-200x267.jpg 200w, https:\/\/agenciamisiones.uno\/wp-content\/uploads\/2026\/04\/andrestio9-225x300.jpg 225w, https:\/\/agenciamisiones.uno\/wp-content\/uploads\/2026\/04\/andrestio9-400x533.jpg 400w, https:\/\/agenciamisiones.uno\/wp-content\/uploads\/2026\/04\/andrestio9-600x800.jpg 600w, https:\/\/misionesfutbol.uno\/wp-content\/uploads\/2026\/04\/andrestio9.jpg 640w\" alt=\"\" width=\"640\" height=\"853\"> <img decoding=\"async\" class=\"aligncenter size-full wp-image-6487\" src=\"https:\/\/misionesfutbol.uno\/wp-content\/uploads\/2026\/04\/andresito8.jpg\" sizes=\"(max-width: 640px) 100vw, 640px\" srcset=\"https:\/\/agenciamisiones.uno\/wp-content\/uploads\/2026\/04\/andresito8-200x267.jpg 200w, https:\/\/agenciamisiones.uno\/wp-content\/uploads\/2026\/04\/andresito8-225x300.jpg 225w, https:\/\/agenciamisiones.uno\/wp-content\/uploads\/2026\/04\/andresito8-400x533.jpg 400w, https:\/\/agenciamisiones.uno\/wp-content\/uploads\/2026\/04\/andresito8-600x800.jpg 600w, https:\/\/misionesfutbol.uno\/wp-content\/uploads\/2026\/04\/andresito8.jpg 640w\" alt=\"\" width=\"640\" height=\"853\"> <img decoding=\"async\" class=\"aligncenter size-full wp-image-6488\" src=\"https:\/\/misionesfutbol.uno\/wp-content\/uploads\/2026\/04\/andresito7.jpg\" sizes=\"(max-width: 640px) 100vw, 640px\" srcset=\"https:\/\/agenciamisiones.uno\/wp-content\/uploads\/2026\/04\/andresito7-200x267.jpg 200w, https:\/\/agenciamisiones.uno\/wp-content\/uploads\/2026\/04\/andresito7-225x300.jpg 225w, https:\/\/agenciamisiones.uno\/wp-content\/uploads\/2026\/04\/andresito7-400x533.jpg 400w, https:\/\/agenciamisiones.uno\/wp-content\/uploads\/2026\/04\/andresito7-600x800.jpg 600w, https:\/\/misionesfutbol.uno\/wp-content\/uploads\/2026\/04\/andresito7.jpg 640w\" alt=\"\" width=\"640\" height=\"853\"> <img decoding=\"async\" class=\"aligncenter size-full wp-image-6489\" src=\"https:\/\/misionesfutbol.uno\/wp-content\/uploads\/2026\/04\/andrestio6.jpg\" sizes=\"(max-width: 640px) 100vw, 640px\" srcset=\"https:\/\/agenciamisiones.uno\/wp-content\/uploads\/2026\/04\/andrestio6-200x267.jpg 200w, https:\/\/agenciamisiones.uno\/wp-content\/uploads\/2026\/04\/andrestio6-225x300.jpg 225w, https:\/\/agenciamisiones.uno\/wp-content\/uploads\/2026\/04\/andrestio6-400x533.jpg 400w, https:\/\/agenciamisiones.uno\/wp-content\/uploads\/2026\/04\/andrestio6-600x800.jpg 600w, https:\/\/misionesfutbol.uno\/wp-content\/uploads\/2026\/04\/andrestio6.jpg 640w\" alt=\"\" width=\"640\" height=\"853\"> <img decoding=\"async\" class=\"aligncenter size-full wp-image-6490\" src=\"https:\/\/misionesfutbol.uno\/wp-content\/uploads\/2026\/04\/andrestio5.jpg\" sizes=\"(max-width: 640px) 100vw, 640px\" srcset=\"https:\/\/agenciamisiones.uno\/wp-content\/uploads\/2026\/04\/andrestio5-200x267.jpg 200w, https:\/\/agenciamisiones.uno\/wp-content\/uploads\/2026\/04\/andrestio5-225x300.jpg 225w, https:\/\/agenciamisiones.uno\/wp-content\/uploads\/2026\/04\/andrestio5-400x533.jpg 400w, https:\/\/agenciamisiones.uno\/wp-content\/uploads\/2026\/04\/andrestio5-600x800.jpg 600w, https:\/\/misionesfutbol.uno\/wp-content\/uploads\/2026\/04\/andrestio5.jpg 640w\" alt=\"\" width=\"640\" height=\"853\"> <img decoding=\"async\" class=\"aligncenter size-full wp-image-6491\" src=\"https:\/\/misionesfutbol.uno\/wp-content\/uploads\/2026\/04\/andrestio4.jpg\" sizes=\"(max-width: 640px) 100vw, 640px\" srcset=\"https:\/\/agenciamisiones.uno\/wp-content\/uploads\/2026\/04\/andrestio4-200x267.jpg 200w, https:\/\/agenciamisiones.uno\/wp-content\/uploads\/2026\/04\/andrestio4-225x300.jpg 225w, https:\/\/agenciamisiones.uno\/wp-content\/uploads\/2026\/04\/andrestio4-400x533.jpg 400w, https:\/\/agenciamisiones.uno\/wp-content\/uploads\/2026\/04\/andrestio4-600x800.jpg 600w, https:\/\/misionesfutbol.uno\/wp-content\/uploads\/2026\/04\/andrestio4.jpg 640w\" alt=\"\" width=\"640\" height=\"853\"> <img decoding=\"async\" class=\"aligncenter size-full wp-image-6492\" src=\"https:\/\/misionesfutbol.uno\/wp-content\/uploads\/2026\/04\/andrestio3.jpg\" sizes=\"(max-width: 640px) 100vw, 640px\" srcset=\"https:\/\/agenciamisiones.uno\/wp-content\/uploads\/2026\/04\/andrestio3-200x267.jpg 200w, https:\/\/agenciamisiones.uno\/wp-content\/uploads\/2026\/04\/andrestio3-225x300.jpg 225w, https:\/\/agenciamisiones.uno\/wp-content\/uploads\/2026\/04\/andrestio3-400x533.jpg 400w, https:\/\/agenciamisiones.uno\/wp-content\/uploads\/2026\/04\/andrestio3-600x800.jpg 600w, https:\/\/misionesfutbol.uno\/wp-content\/uploads\/2026\/04\/andrestio3.jpg 640w\" alt=\"\" width=\"640\" height=\"853\"> <img decoding=\"async\" class=\"aligncenter size-full wp-image-6493\" src=\"https:\/\/misionesfutbol.uno\/wp-content\/uploads\/2026\/04\/andresito2.jpg\" sizes=\"(max-width: 640px) 100vw, 640px\" srcset=\"https:\/\/agenciamisiones.uno\/wp-content\/uploads\/2026\/04\/andresito2-200x267.jpg 200w, https:\/\/agenciamisiones.uno\/wp-content\/uploads\/2026\/04\/andresito2-225x300.jpg 225w, https:\/\/agenciamisiones.uno\/wp-content\/uploads\/2026\/04\/andresito2-400x533.jpg 400w, https:\/\/agenciamisiones.uno\/wp-content\/uploads\/2026\/04\/andresito2-600x800.jpg 600w, https:\/\/misionesfutbol.uno\/wp-content\/uploads\/2026\/04\/andresito2.jpg 640w\" alt=\"\" width=\"640\" height=\"853\"> <img decoding=\"async\" class=\"aligncenter size-full wp-image-6494\" src=\"https:\/\/misionesfutbol.uno\/wp-content\/uploads\/2026\/04\/andrestio1.jpg\" sizes=\"(max-width: 640px) 100vw, 640px\" srcset=\"https:\/\/agenciamisiones.uno\/wp-content\/uploads\/2026\/04\/andrestio1-200x267.jpg 200w, https:\/\/agenciamisiones.uno\/wp-content\/uploads\/2026\/04\/andrestio1-225x300.jpg 225w, https:\/\/agenciamisiones.uno\/wp-content\/uploads\/2026\/04\/andrestio1-400x533.jpg 400w, https:\/\/agenciamisiones.uno\/wp-content\/uploads\/2026\/04\/andrestio1-600x800.jpg 600w, https:\/\/misionesfutbol.uno\/wp-content\/uploads\/2026\/04\/andrestio1.jpg 640w\" alt=\"\" width=\"640\" height=\"853\"><\/p>\n<p>Fuente: <a href=\"https:\/\/agenciamisiones.uno\/\">Agencia Misiones.uno<\/a>.<\/p>\n<\/div>\n<\/div>\n","protected":false},"excerpt":{"rendered":"<p>AGENCIA MISIONES.UNO | La delegaci\u00f3n de Comandante Andresito tuvo una  [&#8230;]<\/p>\n","protected":false},"author":1,"featured_media":70,"comment_status":"closed","ping_status":"closed","sticky":false,"template":"","format":"standard","meta":{"fifu_image_url":"","fifu_image_alt":"","footnotes":""},"categories":[14,5,6,7,8,15],"tags":[],"class_list":["post-69","post","type-post","status-publish","format-standard","has-post-thumbnail","hentry","category-andresito","category-depormisiones-uno","category-deportes","category-futbol","category-gobiernos-municipales","category-red-gral-m-belgrano"],"acf":[],"yoast_head":"<!-- This site is optimized with the Yoast SEO plugin v27.2 - https:\/\/yoast.com\/product\/yoast-seo-wordpress\/ -->\n<title>Andresito se destac\u00f3 en la Copa Tierra Colorada y reafirma su apuesta al deporte formativo - Misiones F\u00fatbol .UNO - Red Misiones.uno<\/title>\n<meta name=\"robots\" content=\"index, follow, max-snippet:-1, max-image-preview:large, max-video-preview:-1\" \/>\n<link rel=\"canonical\" href=\"https:\/\/misionesfutbol.uno\/index.php\/2026\/04\/05\/andresito-se-destaco-en-la-copa-tierra-colorada-y-reafirma-su-apuesta-al-deporte-formativo\/\" \/>\n<meta property=\"og:locale\" content=\"es_ES\" \/>\n<meta property=\"og:type\" content=\"article\" \/>\n<meta property=\"og:title\" content=\"Andresito se destac\u00f3 en la Copa Tierra Colorada y reafirma su apuesta al deporte formativo - Misiones F\u00fatbol .UNO - Red Misiones.uno\" \/>\n<meta property=\"og:description\" content=\"AGENCIA MISIONES.UNO | La delegaci\u00f3n de Comandante Andresito tuvo una [...]\" \/>\n<meta property=\"og:url\" content=\"https:\/\/misionesfutbol.uno\/index.php\/2026\/04\/05\/andresito-se-destaco-en-la-copa-tierra-colorada-y-reafirma-su-apuesta-al-deporte-formativo\/\" \/>\n<meta property=\"og:site_name\" content=\"Misiones F\u00fatbol .UNO - Red Misiones.uno\" \/>\n<meta property=\"article:published_time\" content=\"2026-04-05T23:43:53+00:00\" \/>\n<meta name=\"author\" content=\"admin\" \/>\n<meta name=\"twitter:card\" content=\"summary_large_image\" \/>\n<meta name=\"twitter:label1\" content=\"Escrito por\" \/>\n\t<meta name=\"twitter:data1\" content=\"admin\" \/>\n\t<meta name=\"twitter:label2\" content=\"Tiempo de lectura\" \/>\n\t<meta name=\"twitter:data2\" content=\"1 minuto\" \/>\n<script type=\"application\/ld+json\" class=\"yoast-schema-graph\">{\"@context\":\"https:\/\/schema.org\",\"@graph\":[{\"@type\":\"Article\",\"@id\":\"https:\/\/misionesfutbol.uno\/index.php\/2026\/04\/05\/andresito-se-destaco-en-la-copa-tierra-colorada-y-reafirma-su-apuesta-al-deporte-formativo\/#article\",\"isPartOf\":{\"@id\":\"https:\/\/misionesfutbol.uno\/index.php\/2026\/04\/05\/andresito-se-destaco-en-la-copa-tierra-colorada-y-reafirma-su-apuesta-al-deporte-formativo\/\"},\"author\":{\"name\":\"admin\",\"@id\":\"https:\/\/misionesfutbol.uno\/#\/schema\/person\/0eaf77236e3cc12a5c97a42d1ebe87d4\"},\"headline\":\"Andresito se destac\u00f3 en la Copa Tierra Colorada y reafirma su apuesta al deporte formativo\",\"datePublished\":\"2026-04-05T23:43:53+00:00\",\"mainEntityOfPage\":{\"@id\":\"https:\/\/misionesfutbol.uno\/index.php\/2026\/04\/05\/andresito-se-destaco-en-la-copa-tierra-colorada-y-reafirma-su-apuesta-al-deporte-formativo\/\"},\"wordCount\":193,\"image\":{\"@id\":\"https:\/\/misionesfutbol.uno\/index.php\/2026\/04\/05\/andresito-se-destaco-en-la-copa-tierra-colorada-y-reafirma-su-apuesta-al-deporte-formativo\/#primaryimage\"},\"thumbnailUrl\":\"https:\/\/misionesfutbol.uno\/wp-content\/uploads\/2026\/04\/andrestio11.jpg\",\"articleSection\":[\"Andresito\",\"DEPORMISIONES.UNO\",\"Deportes\",\"F\u00fatbol\",\"Gobiernos Municipales\",\"Red Gral. M. Belgrano\"],\"inLanguage\":\"es-AR\"},{\"@type\":\"WebPage\",\"@id\":\"https:\/\/misionesfutbol.uno\/index.php\/2026\/04\/05\/andresito-se-destaco-en-la-copa-tierra-colorada-y-reafirma-su-apuesta-al-deporte-formativo\/\",\"url\":\"https:\/\/misionesfutbol.uno\/index.php\/2026\/04\/05\/andresito-se-destaco-en-la-copa-tierra-colorada-y-reafirma-su-apuesta-al-deporte-formativo\/\",\"name\":\"Andresito se destac\u00f3 en la Copa Tierra Colorada y reafirma su apuesta al deporte formativo - Misiones F\u00fatbol .UNO - Red Misiones.uno\",\"isPartOf\":{\"@id\":\"https:\/\/misionesfutbol.uno\/#website\"},\"primaryImageOfPage\":{\"@id\":\"https:\/\/misionesfutbol.uno\/index.php\/2026\/04\/05\/andresito-se-destaco-en-la-copa-tierra-colorada-y-reafirma-su-apuesta-al-deporte-formativo\/#primaryimage\"},\"image\":{\"@id\":\"https:\/\/misionesfutbol.uno\/index.php\/2026\/04\/05\/andresito-se-destaco-en-la-copa-tierra-colorada-y-reafirma-su-apuesta-al-deporte-formativo\/#primaryimage\"},\"thumbnailUrl\":\"https:\/\/misionesfutbol.uno\/wp-content\/uploads\/2026\/04\/andrestio11.jpg\",\"datePublished\":\"2026-04-05T23:43:53+00:00\",\"author\":{\"@id\":\"https:\/\/misionesfutbol.uno\/#\/schema\/person\/0eaf77236e3cc12a5c97a42d1ebe87d4\"},\"breadcrumb\":{\"@id\":\"https:\/\/misionesfutbol.uno\/index.php\/2026\/04\/05\/andresito-se-destaco-en-la-copa-tierra-colorada-y-reafirma-su-apuesta-al-deporte-formativo\/#breadcrumb\"},\"inLanguage\":\"es-AR\",\"potentialAction\":[{\"@type\":\"ReadAction\",\"target\":[\"https:\/\/misionesfutbol.uno\/index.php\/2026\/04\/05\/andresito-se-destaco-en-la-copa-tierra-colorada-y-reafirma-su-apuesta-al-deporte-formativo\/\"]}]},{\"@type\":\"ImageObject\",\"inLanguage\":\"es-AR\",\"@id\":\"https:\/\/misionesfutbol.uno\/index.php\/2026\/04\/05\/andresito-se-destaco-en-la-copa-tierra-colorada-y-reafirma-su-apuesta-al-deporte-formativo\/#primaryimage\",\"url\":\"https:\/\/misionesfutbol.uno\/wp-content\/uploads\/2026\/04\/andrestio11.jpg\",\"contentUrl\":\"https:\/\/misionesfutbol.uno\/wp-content\/uploads\/2026\/04\/andrestio11.jpg\",\"width\":640,\"height\":853},{\"@type\":\"BreadcrumbList\",\"@id\":\"https:\/\/misionesfutbol.uno\/index.php\/2026\/04\/05\/andresito-se-destaco-en-la-copa-tierra-colorada-y-reafirma-su-apuesta-al-deporte-formativo\/#breadcrumb\",\"itemListElement\":[{\"@type\":\"ListItem\",\"position\":1,\"name\":\"Inicio\",\"item\":\"https:\/\/misionesfutbol.uno\/\"},{\"@type\":\"ListItem\",\"position\":2,\"name\":\"Andresito se destac\u00f3 en la Copa Tierra Colorada y reafirma su apuesta al deporte formativo\"}]},{\"@type\":\"WebSite\",\"@id\":\"https:\/\/misionesfutbol.uno\/#website\",\"url\":\"https:\/\/misionesfutbol.uno\/\",\"name\":\"Misiones F\u00fatbol .UNO - Red Misiones.uno\",\"description\":\"Noticias sobre F\u00fatbol en Misiones\",\"potentialAction\":[{\"@type\":\"SearchAction\",\"target\":{\"@type\":\"EntryPoint\",\"urlTemplate\":\"https:\/\/misionesfutbol.uno\/?s={search_term_string}\"},\"query-input\":{\"@type\":\"PropertyValueSpecification\",\"valueRequired\":true,\"valueName\":\"search_term_string\"}}],\"inLanguage\":\"es-AR\"},{\"@type\":\"Person\",\"@id\":\"https:\/\/misionesfutbol.uno\/#\/schema\/person\/0eaf77236e3cc12a5c97a42d1ebe87d4\",\"name\":\"admin\",\"image\":{\"@type\":\"ImageObject\",\"inLanguage\":\"es-AR\",\"@id\":\"https:\/\/secure.gravatar.com\/avatar\/988cc68d97727f2265e15e4e04f35d45d93f5493d81192c37b6fcdf6407dba8c?s=96&d=mm&r=g\",\"url\":\"https:\/\/secure.gravatar.com\/avatar\/988cc68d97727f2265e15e4e04f35d45d93f5493d81192c37b6fcdf6407dba8c?s=96&d=mm&r=g\",\"contentUrl\":\"https:\/\/secure.gravatar.com\/avatar\/988cc68d97727f2265e15e4e04f35d45d93f5493d81192c37b6fcdf6407dba8c?s=96&d=mm&r=g\",\"caption\":\"admin\"},\"sameAs\":[\"http:\/\/misionesfutbol.uno\"],\"url\":\"https:\/\/misionesfutbol.uno\/index.php\/author\/admin\/\"}]}<\/script>\n<!-- \/ Yoast SEO plugin. -->","yoast_head_json":{"title":"Andresito se destac\u00f3 en la Copa Tierra Colorada y reafirma su apuesta al deporte formativo - Misiones F\u00fatbol .UNO - Red Misiones.uno","robots":{"index":"index","follow":"follow","max-snippet":"max-snippet:-1","max-image-preview":"max-image-preview:large","max-video-preview":"max-video-preview:-1"},"canonical":"https:\/\/misionesfutbol.uno\/index.php\/2026\/04\/05\/andresito-se-destaco-en-la-copa-tierra-colorada-y-reafirma-su-apuesta-al-deporte-formativo\/","og_locale":"es_ES","og_type":"article","og_title":"Andresito se destac\u00f3 en la Copa Tierra Colorada y reafirma su apuesta al deporte formativo - Misiones F\u00fatbol .UNO - Red Misiones.uno","og_description":"AGENCIA MISIONES.UNO | La delegaci\u00f3n de Comandante Andresito tuvo una [...]","og_url":"https:\/\/misionesfutbol.uno\/index.php\/2026\/04\/05\/andresito-se-destaco-en-la-copa-tierra-colorada-y-reafirma-su-apuesta-al-deporte-formativo\/","og_site_name":"Misiones F\u00fatbol .UNO - Red Misiones.uno","article_published_time":"2026-04-05T23:43:53+00:00","author":"admin","twitter_card":"summary_large_image","twitter_misc":{"Escrito por":"admin","Tiempo de lectura":"1 minuto"},"schema":{"@context":"https:\/\/schema.org","@graph":[{"@type":"Article","@id":"https:\/\/misionesfutbol.uno\/index.php\/2026\/04\/05\/andresito-se-destaco-en-la-copa-tierra-colorada-y-reafirma-su-apuesta-al-deporte-formativo\/#article","isPartOf":{"@id":"https:\/\/misionesfutbol.uno\/index.php\/2026\/04\/05\/andresito-se-destaco-en-la-copa-tierra-colorada-y-reafirma-su-apuesta-al-deporte-formativo\/"},"author":{"name":"admin","@id":"https:\/\/misionesfutbol.uno\/#\/schema\/person\/0eaf77236e3cc12a5c97a42d1ebe87d4"},"headline":"Andresito se destac\u00f3 en la Copa Tierra Colorada y reafirma su apuesta al deporte formativo","datePublished":"2026-04-05T23:43:53+00:00","mainEntityOfPage":{"@id":"https:\/\/misionesfutbol.uno\/index.php\/2026\/04\/05\/andresito-se-destaco-en-la-copa-tierra-colorada-y-reafirma-su-apuesta-al-deporte-formativo\/"},"wordCount":193,"image":{"@id":"https:\/\/misionesfutbol.uno\/index.php\/2026\/04\/05\/andresito-se-destaco-en-la-copa-tierra-colorada-y-reafirma-su-apuesta-al-deporte-formativo\/#primaryimage"},"thumbnailUrl":"https:\/\/misionesfutbol.uno\/wp-content\/uploads\/2026\/04\/andrestio11.jpg","articleSection":["Andresito","DEPORMISIONES.UNO","Deportes","F\u00fatbol","Gobiernos Municipales","Red Gral. M. Belgrano"],"inLanguage":"es-AR"},{"@type":"WebPage","@id":"https:\/\/misionesfutbol.uno\/index.php\/2026\/04\/05\/andresito-se-destaco-en-la-copa-tierra-colorada-y-reafirma-su-apuesta-al-deporte-formativo\/","url":"https:\/\/misionesfutbol.uno\/index.php\/2026\/04\/05\/andresito-se-destaco-en-la-copa-tierra-colorada-y-reafirma-su-apuesta-al-deporte-formativo\/","name":"Andresito se destac\u00f3 en la Copa Tierra Colorada y reafirma su apuesta al deporte formativo - Misiones F\u00fatbol .UNO - Red Misiones.uno","isPartOf":{"@id":"https:\/\/misionesfutbol.uno\/#website"},"primaryImageOfPage":{"@id":"https:\/\/misionesfutbol.uno\/index.php\/2026\/04\/05\/andresito-se-destaco-en-la-copa-tierra-colorada-y-reafirma-su-apuesta-al-deporte-formativo\/#primaryimage"},"image":{"@id":"https:\/\/misionesfutbol.uno\/index.php\/2026\/04\/05\/andresito-se-destaco-en-la-copa-tierra-colorada-y-reafirma-su-apuesta-al-deporte-formativo\/#primaryimage"},"thumbnailUrl":"https:\/\/misionesfutbol.uno\/wp-content\/uploads\/2026\/04\/andrestio11.jpg","datePublished":"2026-04-05T23:43:53+00:00","author":{"@id":"https:\/\/misionesfutbol.uno\/#\/schema\/person\/0eaf77236e3cc12a5c97a42d1ebe87d4"},"breadcrumb":{"@id":"https:\/\/misionesfutbol.uno\/index.php\/2026\/04\/05\/andresito-se-destaco-en-la-copa-tierra-colorada-y-reafirma-su-apuesta-al-deporte-formativo\/#breadcrumb"},"inLanguage":"es-AR","potentialAction":[{"@type":"ReadAction","target":["https:\/\/misionesfutbol.uno\/index.php\/2026\/04\/05\/andresito-se-destaco-en-la-copa-tierra-colorada-y-reafirma-su-apuesta-al-deporte-formativo\/"]}]},{"@type":"ImageObject","inLanguage":"es-AR","@id":"https:\/\/misionesfutbol.uno\/index.php\/2026\/04\/05\/andresito-se-destaco-en-la-copa-tierra-colorada-y-reafirma-su-apuesta-al-deporte-formativo\/#primaryimage","url":"https:\/\/misionesfutbol.uno\/wp-content\/uploads\/2026\/04\/andrestio11.jpg","contentUrl":"https:\/\/misionesfutbol.uno\/wp-content\/uploads\/2026\/04\/andrestio11.jpg","width":640,"height":853},{"@type":"BreadcrumbList","@id":"https:\/\/misionesfutbol.uno\/index.php\/2026\/04\/05\/andresito-se-destaco-en-la-copa-tierra-colorada-y-reafirma-su-apuesta-al-deporte-formativo\/#breadcrumb","itemListElement":[{"@type":"ListItem","position":1,"name":"Inicio","item":"https:\/\/misionesfutbol.uno\/"},{"@type":"ListItem","position":2,"name":"Andresito se destac\u00f3 en la Copa Tierra Colorada y reafirma su apuesta al deporte formativo"}]},{"@type":"WebSite","@id":"https:\/\/misionesfutbol.uno\/#website","url":"https:\/\/misionesfutbol.uno\/","name":"Misiones F\u00fatbol .UNO - Red Misiones.uno","description":"Noticias sobre F\u00fatbol en Misiones","potentialAction":[{"@type":"SearchAction","target":{"@type":"EntryPoint","urlTemplate":"https:\/\/misionesfutbol.uno\/?s={search_term_string}"},"query-input":{"@type":"PropertyValueSpecification","valueRequired":true,"valueName":"search_term_string"}}],"inLanguage":"es-AR"},{"@type":"Person","@id":"https:\/\/misionesfutbol.uno\/#\/schema\/person\/0eaf77236e3cc12a5c97a42d1ebe87d4","name":"admin","image":{"@type":"ImageObject","inLanguage":"es-AR","@id":"https:\/\/secure.gravatar.com\/avatar\/988cc68d97727f2265e15e4e04f35d45d93f5493d81192c37b6fcdf6407dba8c?s=96&d=mm&r=g","url":"https:\/\/secure.gravatar.com\/avatar\/988cc68d97727f2265e15e4e04f35d45d93f5493d81192c37b6fcdf6407dba8c?s=96&d=mm&r=g","contentUrl":"https:\/\/secure.gravatar.com\/avatar\/988cc68d97727f2265e15e4e04f35d45d93f5493d81192c37b6fcdf6407dba8c?s=96&d=mm&r=g","caption":"admin"},"sameAs":["http:\/\/misionesfutbol.uno"],"url":"https:\/\/misionesfutbol.uno\/index.php\/author\/admin\/"}]}},"_links":{"self":[{"href":"https:\/\/misionesfutbol.uno\/index.php\/wp-json\/wp\/v2\/posts\/69","targetHints":{"allow":["GET"]}}],"collection":[{"href":"https:\/\/misionesfutbol.uno\/index.php\/wp-json\/wp\/v2\/posts"}],"about":[{"href":"https:\/\/misionesfutbol.uno\/index.php\/wp-json\/wp\/v2\/types\/post"}],"author":[{"embeddable":true,"href":"https:\/\/misionesfutbol.uno\/index.php\/wp-json\/wp\/v2\/users\/1"}],"replies":[{"embeddable":true,"href":"https:\/\/misionesfutbol.uno\/index.php\/wp-json\/wp\/v2\/comments?post=69"}],"version-history":[{"count":0,"href":"https:\/\/misionesfutbol.uno\/index.php\/wp-json\/wp\/v2\/posts\/69\/revisions"}],"wp:featuredmedia":[{"embeddable":true,"href":"https:\/\/misionesfutbol.uno\/index.php\/wp-json\/wp\/v2\/media\/70"}],"wp:attachment":[{"href":"https:\/\/misionesfutbol.uno\/index.php\/wp-json\/wp\/v2\/media?parent=69"}],"wp:term":[{"taxonomy":"category","embeddable":true,"href":"https:\/\/misionesfutbol.uno\/index.php\/wp-json\/wp\/v2\/categories?post=69"},{"taxonomy":"post_tag","embeddable":true,"href":"https:\/\/misionesfutbol.uno\/index.php\/wp-json\/wp\/v2\/tags?post=69"}],"curies":[{"name":"wp","href":"https:\/\/api.w.org\/{rel}","templated":true}]}}